{"id":105,"date":"2015-04-15T11:22:46","date_gmt":"2015-04-15T09:22:46","guid":{"rendered":"http:\/\/www.agite.cz\/?p=105"},"modified":"2015-12-29T21:42:01","modified_gmt":"2015-12-29T20:42:01","slug":"beda-muzum-kterym-zena-vladne","status":"publish","type":"post","link":"https:\/\/www.agite.cz\/?p=105","title":{"rendered":"B\u011bda mu\u017e\u016fm, kter\u00fdm \u017eena vl\u00e1dne&#8230;"},"content":{"rendered":"<h4 class=\"alpha\">&#8230;nebo l\u00e9pe \u0159e\u010deno: B\u011bda mu\u017e\u016fm, kter\u00fdm \u017eena z moci kv\u00f3ty vl\u00e1dne!<\/h4>\n<h4 class=\"alpha\">&#8222;Vivat antifeminismus<\/h4>\n<div>&nbsp;<\/div>\n<div>N\u011bmeck\u00fd parlament do toho po letech diskus\u00ed pra\u0161til a schv\u00e1lil kv\u00f3ty pro \u017eeny: Ve veden\u00ed velk\u00fdch n\u011bmeck\u00fdch firem jich od roku 2016 bude muset b\u00fdt aspo\u0148 30 %&#8220;&#8230;<\/div>\n<div>&nbsp;<\/div>\n<div>cel\u00fd \u010dl\u00e1nek si lze p\u0159e\u010d\u00edst na n\u00e1sleduj\u00edc\u00edm odkazu:<\/div>\n<div>&nbsp;<\/div>\n<div><strong><a href=\"http:\/\/sichtarova.blog.idnes.cz\/c\/457490\/vivat-antifeminismus.html?ref=viacbloger\" target=\"_blank\">http:\/\/sichtarova.blog.idnes.cz<\/a><\/strong><\/div>\n<div>&nbsp;<\/div>\n<div>Autorkou \u010dl\u00e1nku je Mark\u00e9ta \u0160ichta\u0159ov\u00e1. P\u0159e\u010detla jsem si od n\u00ed a jej\u00edho man\u017eela Vladim\u00edra Pikory zat\u00edm dv\u011b knihy, nyn\u00ed se chyst\u00e1m na t\u0159et\u00ed, Lumpy a ber\u00e1nky.<\/div>\n<div>V\u017edy, kdy\u017e \u010dtu tyto knihy, p\u0159\u00edpadn\u011b p\u0159\u00edsp\u011bvky pan\u00ed \u0160ichta\u0159ov\u00e9, donut\u00ed m\u011b p\u0159em\u00fd\u0161let. Mysl\u00edm, \u017ee to je jejich z\u00e1m\u011br. Na rozd\u00edl od jin\u00fdch, kte\u0159\u00ed kritizuj\u00ed, \u010di jsou skepti\u010dt\u00ed, pou\u017e\u00edvaj\u00ed tito auto\u0159i argumenty, kter\u00e9 si lze snadno ov\u011b\u0159it.<\/div>\n<div>&nbsp;<\/div>\n<div>Nyn\u00ed tedy k p\u0159\u00edsp\u011bvku &#8222;Vivat antifeminismus&#8220;.<\/div>\n<div>Mus\u00edm ve v\u011bt\u0161in\u011b \u00favah d\u00e1t autorce za pravdu. Zmi\u0148ovan\u00e9 kv\u00f3ty mi p\u0159ipom\u00ednaj\u00ed jin\u00e9 nep\u0159irozen\u00e9 regulace, kter\u00e9 z dlouhodob\u00e9ho hlediska nikomu neprosp\u011bly. Regulace, kter\u00e9 pom\u00e1haj\u00ed jedn\u011bm na \u00fakor druh\u00fdch vyvol\u00e1vaj\u00ed vz\u00e1jemnou nevra\u017eivost. Opravdu je \u017e\u00e1douc\u00ed, aby i mu\u017ei k \u017een\u00e1m poci\u0165ovali nevra\u017eivost?<\/div>\n<div>Nev\u00edm, zda Ti, kte\u0159\u00ed tyto kv\u00f3ty vym\u00fd\u0161lej\u00ed a prosazuj\u00ed, jsou vedeni \u010dist\u00fdmi, dobr\u00fdmi \u00famysly. Mo\u017en\u00e1 opravdu jen cht\u011bj\u00ed zlep\u0161it pozici \u017een na trhu pr\u00e1ce. Ale \u017eivot nen\u00ed pouze pr\u00e1ce! Zmi\u0148ovan\u00e9 kv\u00f3ty v\u0161ak budou m\u00edt vliv na vztahy \u017een a mu\u017e\u016f i za dve\u0159mi kancel\u00e1\u0159e.<\/div>\n<div>Od mu\u017ee, kter\u00fd bude p\u0159esv\u011bd\u010den\u00fd, \u017ee mu v dal\u0161\u00edm postupu po kari\u00e9rn\u00edm \u017eeb\u0159\u00ed\u010dku br\u00e1n\u00ed kv\u00f3ty, lze jen t\u011b\u017eko o\u010dek\u00e1vat, \u017ee se k \u017een\u00e1m bude chovat galantn\u011b. Pro\u010d taky.<\/div>\n<div>Gentlemanstv\u00ed se z na\u0161\u00ed spole\u010dnosti vytr\u00e1c\u00ed ji\u017e dlouho. A nen\u00ed divu. \u010c\u00edm intenzivn\u011bj\u0161\u00ed je prosazov\u00e1n\u00ed rovnopr\u00e1vnosti pohlav\u00ed, kter\u00e1 se \u010dasto zam\u011b\u0148uje za bezrozd\u00edlnost pohlav\u00ed, t\u00edm m\u00e9n\u011b je galantn\u00ed chov\u00e1n\u00ed mu\u017e\u016f vhodn\u00e9. Mu\u017e by se mohl ob\u00e1vat, aby jeho galantn\u00ed chov\u00e1n\u00ed nebylo vykl\u00e1d\u00e1no \u0161patn\u011b.<\/div>\n<div>&nbsp;<\/div>\n<div>Jen\u017ee rozd\u00edly d\u00edky bohu jsou.<\/div>\n<div>&nbsp;<\/div>\n<div>I tr\u00e9novan\u00e9 \u017eeny podlehnou \u00fatoku pr\u016fm\u011brn\u011b tr\u00e9novan\u00e9ho mu\u017ee. \u017deny jsou zkr\u00e1tka fyzicky slab\u0161\u00ed.<\/div>\n<div>Ani ten nejcitliv\u011bj\u0161\u00ed mu\u017e nenakoj\u00ed hladov\u00e9 d\u00edt\u011b.<\/div>\n<div>&nbsp;<\/div>\n<div>Role \u017eeny v cicilizovan\u00e9 spole\u010dnosti, ve kter\u00e9 ustupuje v\u00fdznam fyzick\u00e9 s\u00edly, pokud odhl\u00e9dneme od nez\u00e1konn\u00fdch exces\u016f, je pom\u011brn\u011b stabiln\u00ed. Je a z\u016fst\u00e1v\u00e1 nezastupiteln\u00e1. Role mu\u017ee tak jist\u00e1 nen\u00ed.<\/div>\n<div>&nbsp;<\/div>\n<div>Nechci \u017e\u00e1dn\u00e9mu pohlav\u00ed br\u00e1t svobodu, ale ani nic nutit. A nel\u00edb\u00ed se mi z\u00e1kony, kter\u00e9 to d\u011blaj\u00ed.<\/div>\n<div>Nech\u0165 se \u017eena sama rozhodne, zda se chce v\u011bnovat kari\u00e9\u0159e nebo dom\u00e1cnosti, p\u0159\u00edpadn\u011b oboj\u00edmu. Ale a\u0165 m\u00e1 svobodu, nikoli pr\u00e1vo, nikoli povinnost.<\/div>\n<div>A pokud se mu\u017e c\u00edt\u00ed dob\u0159e v z\u00e1st\u011b\u0159e, a\u0165 v n\u00ed je. Ale aby mu n\u011bkdo vnucoval, \u017ee to tak b\u00fdt mus\u00ed? To bych nechala na dom\u00e1c\u00ed diskuze, tam to toti\u017e pat\u0159\u00ed. Ka\u017ed\u00e9mu to vyhovuje jinak a m\u011blo by b\u00fdt pouze na partnerech, jak si v\u011bci uspo\u0159\u00e1daj\u00ed.<\/div>\n<div>&nbsp;<\/div>\n<div>Mn\u011b osobn\u011b mrz\u00ed, \u017ee potkat gentlemana je v dne\u0161n\u00ed dob\u011b nev\u0161edn\u00ed z\u00e1\u017eitek. Ale u\u017e se tomu tolik nediv\u00edm. Mu\u017ei maj\u00ed opravdu velmi nejist\u00e9 postaven\u00ed a ti, jejich\u017e postaven\u00ed je jist\u00e9, postr\u00e1daj\u00ed v\u00fdchovu.<\/div>\n<div>P\u0159\u00e1la bych si, aby lid\u00e9 v\u00edce p\u0159em\u00fd\u0161leli o d\u016fsledc\u00edch sv\u00fdch \u010din\u016f. Aby se neda\u0159ilo prosazovat z\u00e1kony, kter\u00e9 nejsou jednozna\u010dn\u011b prosp\u011b\u0161n\u00e9.<\/div>\n","protected":false},"excerpt":{"rendered":"<p>&#8230;nebo l\u00e9pe \u0159e\u010deno: B\u011bda mu\u017e\u016fm, kter\u00fdm \u017eena z moci kv\u00f3ty vl\u00e1dne! &#8222;Vivat antifeminismus &nbsp; N\u011bmeck\u00fd parlament do toho po letech diskus\u00ed pra\u0161til a schv\u00e1lil kv\u00f3ty pro \u017eeny: Ve veden\u00ed velk\u00fdch n\u011bmeck\u00fdch firem jich od roku 2016 bude muset b\u00fdt aspo\u0148 30 %&#8220;&#8230; &nbsp; cel\u00fd \u010dl\u00e1nek si lze p\u0159e\u010d\u00edst na n\u00e1sleduj\u00edc\u00edm odkazu: &nbsp; http:\/\/sichtarova.blog.idnes.cz &nbsp; Autorkou [&hellip;]<\/p>\n","protected":false},"author":1,"featured_media":0,"comment_status":"open","ping_status":"open","sticky":false,"template":"","format":"standard","meta":{"footnotes":""},"categories":[5],"tags":[],"class_list":["post-105","post","type-post","status-publish","format-standard","hentry","category-uvahy-a-komentare"],"_links":{"self":[{"href":"https:\/\/www.agite.cz\/index.php?rest_route=\/wp\/v2\/posts\/105","targetHints":{"allow":["GET"]}}],"collection":[{"href":"https:\/\/www.agite.cz\/index.php?rest_route=\/wp\/v2\/posts"}],"about":[{"href":"https:\/\/www.agite.cz\/index.php?rest_route=\/wp\/v2\/types\/post"}],"author":[{"embeddable":true,"href":"https:\/\/www.agite.cz\/index.php?rest_route=\/wp\/v2\/users\/1"}],"replies":[{"embeddable":true,"href":"https:\/\/www.agite.cz\/index.php?rest_route=%2Fwp%2Fv2%2Fcomments&post=105"}],"version-history":[{"count":4,"href":"https:\/\/www.agite.cz\/index.php?rest_route=\/wp\/v2\/posts\/105\/revisions"}],"predecessor-version":[{"id":107,"href":"https:\/\/www.agite.cz\/index.php?rest_route=\/wp\/v2\/posts\/105\/revisions\/107"}],"wp:attachment":[{"href":"https:\/\/www.agite.cz\/index.php?rest_route=%2Fwp%2Fv2%2Fmedia&parent=105"}],"wp:term":[{"taxonomy":"category","embeddable":true,"href":"https:\/\/www.agite.cz\/index.php?rest_route=%2Fwp%2Fv2%2Fcategories&post=105"},{"taxonomy":"post_tag","embeddable":true,"href":"https:\/\/www.agite.cz\/index.php?rest_route=%2Fwp%2Fv2%2Ftags&post=105"}],"curies":[{"name":"wp","href":"https:\/\/api.w.org\/{rel}","templated":true}]}}