{"id":114,"date":"2015-04-16T14:15:46","date_gmt":"2015-04-16T12:15:46","guid":{"rendered":"http:\/\/www.agite.cz\/?p=114"},"modified":"2015-12-29T21:44:49","modified_gmt":"2015-12-29T20:44:49","slug":"stanislav-gross","status":"publish","type":"post","link":"https:\/\/www.agite.cz\/?p=114","title":{"rendered":"Stanislav Gross"},"content":{"rendered":"<div>Ka\u017ed\u00e9 \u00famrt\u00ed je smutn\u00e9, tedy i to pana Grosse. Ale n\u011bkter\u00e1 jsou smutn\u011bj\u0161\u00ed.<\/div>\n<div>&nbsp;<\/div>\n<div>Um\u0159el \u010dlov\u011bk, kter\u00fd politiku vyu\u017eil k osobn\u00edmu obohacen\u00ed, \u010dlov\u011bk, kter\u00fd se u\u0161pinil v\u0161ude, kde to \u0161lo a kde z toho plynul osobn\u00ed zisk.<\/div>\n<div>&nbsp;<\/div>\n<div>Um\u0159el \u010dlov\u011bk, kter\u00fd dok\u00e1zal posunout hranici p\u0159edstaviteln\u00e9 korupce.<\/div>\n<div>&nbsp;<\/div>\n<div>\u010clov\u011bk, kter\u00e9ho kupodivu nikdy za nic neodsoudili.<\/div>\n<div>&nbsp;<\/div>\n<div>Sv\u00fdmi \u0161pinav\u00fdmi praktikami zabezpe\u010dil svou rodinu na n\u011bkolik generac\u00ed dop\u0159edu a v\u0161ichni jsme tomu jen p\u0159ihl\u00ed\u017eeli.<\/div>\n<div>&nbsp;<\/div>\n<div>Um\u0159el \u010dlov\u011bk, kter\u00fd dok\u00e1zal znechutit i nejv\u011bt\u0161\u00ed naivky, kter\u00e9 dnes u\u017e jen t\u011b\u017eko uv\u011b\u0159\u00ed v prosp\u011b\u0161nost a \u010destnost politik\u016f.<\/div>\n<div>&nbsp;<\/div>\n<div>Um\u0159el \u010dlov\u011bk, kter\u00fd sv\u00fdm po\u010d\u00edn\u00e1n\u00edm potvrzoval ono Orwellovsk\u00e9 : &#8222;V\u0161ichni jsou si rovni, ale n\u011bkte\u0159\u00ed rovn\u011bj\u0161\u00ed&#8220;<\/div>\n<div>&nbsp;<\/div>\n<div>Um\u0159el \u010dlov\u011bk, kter\u00fd toho za sv\u016fj kr\u00e1tk\u00fd \u017eivot stihl opravdu dost a jsem p\u0159esv\u011bd\u010den\u00e1, \u017ee by toho stihl je\u0161t\u011b mnohem v\u00edc, kdyby ho nezastavila nemoc. V\u011b\u0159\u00edm, \u017ee by se voli\u010di, kter\u00fdm se ve sv\u00e9m posledn\u00edm ve\u0159ejn\u00e9m projevu omluvil, omluvy od zdrav\u00e9ho Grosse nikdy nedo\u010dkali.<\/div>\n<div>&nbsp;<\/div>\n<div>Um\u0159el \u010dlov\u011bk a mn\u011b to nen\u00ed l\u00edto.<\/div>\n<div>&nbsp;<\/div>\n<div>Pokud existuje b\u016fh, a\u0165 ho soud\u00ed a t\u0159eba mu i odpust\u00ed.<\/div>\n<div>N\u00e1rod, kter\u00fd pan Gross bezosty\u0161n\u011b tahal za nos, by tolik porozum\u011bn\u00ed m\u00edt nem\u011bl, ne, dokud nesplat\u00ed sv\u016fj dluh a pen\u00edze, kter\u00e9 nakradl, nebudou vr\u00e1ceny do pokladen obc\u00ed, m\u011bst a st\u00e1tu. A klidn\u011b &#8222;In Memoriam&#8220;.<\/div>\n<div>&nbsp;<\/div>\n<div>Do t\u00e9 doby je pro mne jen t\u00edm, kter\u00fd lhal, kradl a podv\u00e1d\u011bl a \u017eil na \u00fakor v\u0161ech a jeho potomci jak by smet\u00b4.<\/div>\n<div>&nbsp;<\/div>\n<div>Um\u0159el Stanislav Gross a mn\u011b to nen\u00ed l\u00edto.<\/div>\n","protected":false},"excerpt":{"rendered":"<p>Ka\u017ed\u00e9 \u00famrt\u00ed je smutn\u00e9, tedy i to pana Grosse. Ale n\u011bkter\u00e1 jsou smutn\u011bj\u0161\u00ed. &nbsp; Um\u0159el \u010dlov\u011bk, kter\u00fd politiku vyu\u017eil k osobn\u00edmu obohacen\u00ed, \u010dlov\u011bk, kter\u00fd se u\u0161pinil v\u0161ude, kde to \u0161lo a kde z toho plynul osobn\u00ed zisk. &nbsp; Um\u0159el \u010dlov\u011bk, kter\u00fd dok\u00e1zal posunout hranici p\u0159edstaviteln\u00e9 korupce. &nbsp; \u010clov\u011bk, kter\u00e9ho kupodivu nikdy za nic neodsoudili. &nbsp; [&hellip;]<\/p>\n","protected":false},"author":1,"featured_media":0,"comment_status":"open","ping_status":"open","sticky":false,"template":"","format":"standard","meta":{"footnotes":""},"categories":[5],"tags":[],"class_list":["post-114","post","type-post","status-publish","format-standard","hentry","category-uvahy-a-komentare"],"_links":{"self":[{"href":"https:\/\/www.agite.cz\/index.php?rest_route=\/wp\/v2\/posts\/114","targetHints":{"allow":["GET"]}}],"collection":[{"href":"https:\/\/www.agite.cz\/index.php?rest_route=\/wp\/v2\/posts"}],"about":[{"href":"https:\/\/www.agite.cz\/index.php?rest_route=\/wp\/v2\/types\/post"}],"author":[{"embeddable":true,"href":"https:\/\/www.agite.cz\/index.php?rest_route=\/wp\/v2\/users\/1"}],"replies":[{"embeddable":true,"href":"https:\/\/www.agite.cz\/index.php?rest_route=%2Fwp%2Fv2%2Fcomments&post=114"}],"version-history":[{"count":2,"href":"https:\/\/www.agite.cz\/index.php?rest_route=\/wp\/v2\/posts\/114\/revisions"}],"predecessor-version":[{"id":116,"href":"https:\/\/www.agite.cz\/index.php?rest_route=\/wp\/v2\/posts\/114\/revisions\/116"}],"wp:attachment":[{"href":"https:\/\/www.agite.cz\/index.php?rest_route=%2Fwp%2Fv2%2Fmedia&parent=114"}],"wp:term":[{"taxonomy":"category","embeddable":true,"href":"https:\/\/www.agite.cz\/index.php?rest_route=%2Fwp%2Fv2%2Fcategories&post=114"},{"taxonomy":"post_tag","embeddable":true,"href":"https:\/\/www.agite.cz\/index.php?rest_route=%2Fwp%2Fv2%2Ftags&post=114"}],"curies":[{"name":"wp","href":"https:\/\/api.w.org\/{rel}","templated":true}]}}