{"id":117,"date":"2015-04-17T11:57:02","date_gmt":"2015-04-17T09:57:02","guid":{"rendered":"http:\/\/www.agite.cz\/?p=117"},"modified":"2015-12-29T21:47:04","modified_gmt":"2015-12-29T20:47:04","slug":"policie-chce-88-aut-s-radary","status":"publish","type":"post","link":"https:\/\/www.agite.cz\/?p=117","title":{"rendered":"Policie chce 88 aut s radary"},"content":{"rendered":"<p><img loading=\"lazy\" decoding=\"async\" src=\"http:\/\/www.agite.cz\/wp-content\/uploads\/2015\/12\/Agent.png\" alt=\"Agent\" width=\"180\" height=\"281\" class=\"alignnone size-full wp-image-118\" \/><\/p>\n<div><strong>Policie chce 88 aut s radary.<\/strong><\/div>\n<div>&nbsp;<\/div>\n<div><a href=\"http:\/\/m.rozhlas.cz\/zpravy\/politika\/_zprava\/policie-chce-88-aut-s-radary-posilit-maji-dalnicni-autotym-i-dopravni-policisty--1479369\">http:\/\/m.rozhlas.cz\/<\/a><\/div>\n<div>&nbsp;<\/div>\n<div>M\u00e1 j\u00edt o auta st\u0159edn\u00ed t\u0159\u00eddy, ale p\u0159edev\u0161\u00edm o utajen\u00e1 auta. Auta, kter\u00e1 budou tajn\u011b m\u011b\u0159it.<\/div>\n<div>&nbsp;<\/div>\n<div>Pokl\u00e1d\u00e1m se za \u0159idi\u010de, kter\u00e9ho tato nov\u00e1 v\u00fdbava dopravn\u00ed policie neovlivn\u00ed, p\u0159esto jsem proti, aby m\u00e9 pen\u00edze \u0161ly t\u00edmto sm\u011brem.<\/div>\n<div>Kdybych m\u011bla tu moc, nakoupila bych pro policii t\u0159eba sto nov\u00fdch aut. Rychl\u00fdch a v\u00fdkonn\u00fdch, aby se mohla m\u011b\u0159it s auty t\u011bch, kte\u0159\u00ed ob\u010das na silnic\u00edch \u0159\u00e1d\u00ed a ohro\u017euj\u00ed \u017eivoty v\u0161ech \u00fa\u010dastn\u00edk\u016f silni\u010dn\u00edho provozu. V\u0161echna ta auta by byla \u0159\u00e1dn\u011b ozna\u010dena a po celou dobu slu\u017eby by br\u00e1zdila silnice, post\u00e1vala u krajnic. Zkr\u00e1tka, policejn\u00ed hl\u00eddku by bylo vid\u011bt za ka\u017edou zat\u00e1\u010dkou.<\/div>\n<div>T\u011bm, kte\u0159\u00ed jezd\u00ed slu\u0161n\u011b by to nevadilo a m\u011bli by i lep\u0161\u00ed pocit, \u017ee jsou v bezpe\u010d\u00ed. \u017de mohou jet po d\u00e1lnici 130 km|h, ani\u017e by se jim do kufru tla\u010dil neomalen\u00fd \u0159idi\u010d, kter\u00fd netrp\u011bliv\u011b \u010dek\u00e1, a\u017e p\u0159edjete pomalej\u0161\u00ed vozidlo.<\/div>\n<div>&nbsp;<\/div>\n<div>Jsem pro prevenci.<\/div>\n<div>&nbsp;<\/div>\n<div>Ned\u00e1vno jsem jela z Prahy do P\u00edsku. To je a v\u017edy byl z\u00e1\u017eitek. Bylo to kolem velikonoc a a\u010d byla vyhl\u00e1\u0161ena mimo\u0159\u00e1dn\u00e1 dopravn\u00ed akce, policii vid\u011bt nebylo. V\u0161ichni jeli jako bl\u00e1zni. Po silnici 1. t\u0159\u00eddy nebylo radno jet povolen\u00fdch 90 km|h, \u010dlov\u011bk by brzdil provoz a zavd\u00e1val tak p\u0159\u00ed\u010dinu pro nebezpe\u010dn\u00e9 p\u0159edj\u00ed\u017ed\u011bn\u00ed. Jelo jedno auto za druh\u00fdm a cel\u00fd \u0161tr\u016fdl jel pr\u016fm\u011brn\u011b 110 km|h.<\/div>\n<div>&nbsp;<\/div>\n<div>Za P\u00edskem se situace dramaticky zm\u011bnila. Na ka\u017ed\u00e9 v\u011bt\u0161\u00ed k\u0159i\u017eovatce byla policejn\u00ed hl\u00eddka. P\u00e1r aut se j\u00ed poda\u0159ilo odlovit, zbytek hamtnul na brzdy a a\u010d se t\u00e9\u017e jednalo o \u0161irokou silnici 1. t\u0159\u00eddy, v\u0161ichni jeli uk\u00e1zn\u011bn\u011b, MAXIM\u00c1LN\u011a 90 km|h.<\/div>\n<div>&nbsp;<\/div>\n<div>Pokud by tam byl skryt\u00fd radar, v\u0161ichni by dostali obs\u00edlku s pokutou, ale ten den by ji\u017e n\u011bkolik z nich mohlo p\u0159i n\u011bjak\u00e9 hav\u00e1rce zem\u0159\u00edt.<\/div>\n<div>&nbsp;<\/div>\n<div>Pt\u00e1m se. Pokud by policii \u0161lo skute\u010dn\u011b o v\u011bt\u0161\u00ed bezpe\u010d\u00ed na silnic\u00edch, opravdu by volila skryt\u00e9 radary?<\/div>\n<div>Pokud sleduje zv\u00fd\u0161en\u00ed p\u0159\u00edjmu z pokut, pak postupuje spr\u00e1vn\u011b. Opom\u00edj\u00edm mo\u017enost pojistit se proti pokut\u00e1m, opom\u00edj\u00edm fakt, \u017ee za mnoh\u00e9 \u0159idi\u010de pokuty \u0159e\u0161\u00ed zam\u011bstnavatel, pota\u017emo leasingov\u00e1 spole\u010dnost.<\/div>\n<div>&nbsp;<\/div>\n<div>Zku\u0161enost mi prav\u00ed, \u017ee pokud je na silnic\u00edch dostatek policejn\u00edch aut, uprav\u00ed rychlost naprost\u00e1 v\u011bt\u0161ina \u0159idi\u010d\u016f. Pokud je tedy c\u00edlem bezpe\u010d\u00ed na silnic\u00edch, nech\u0165 policie po\u0159\u00edd\u00ed v\u00edce voz\u016f, \u0159\u00e1dn\u011b je ozna\u010d\u00ed a neust\u00e1le s nimi jezd\u00ed.<\/div>\n","protected":false},"excerpt":{"rendered":"<p>Policie chce 88 aut s radary. &nbsp; http:\/\/m.rozhlas.cz\/ &nbsp; M\u00e1 j\u00edt o auta st\u0159edn\u00ed t\u0159\u00eddy, ale p\u0159edev\u0161\u00edm o utajen\u00e1 auta. Auta, kter\u00e1 budou tajn\u011b m\u011b\u0159it. &nbsp; Pokl\u00e1d\u00e1m se za \u0159idi\u010de, kter\u00e9ho tato nov\u00e1 v\u00fdbava dopravn\u00ed policie neovlivn\u00ed, p\u0159esto jsem proti, aby m\u00e9 pen\u00edze \u0161ly t\u00edmto sm\u011brem. Kdybych m\u011bla tu moc, nakoupila bych pro policii t\u0159eba [&hellip;]<\/p>\n","protected":false},"author":1,"featured_media":0,"comment_status":"open","ping_status":"open","sticky":false,"template":"","format":"standard","meta":{"footnotes":""},"categories":[5],"tags":[],"class_list":["post-117","post","type-post","status-publish","format-standard","hentry","category-uvahy-a-komentare"],"_links":{"self":[{"href":"https:\/\/www.agite.cz\/index.php?rest_route=\/wp\/v2\/posts\/117","targetHints":{"allow":["GET"]}}],"collection":[{"href":"https:\/\/www.agite.cz\/index.php?rest_route=\/wp\/v2\/posts"}],"about":[{"href":"https:\/\/www.agite.cz\/index.php?rest_route=\/wp\/v2\/types\/post"}],"author":[{"embeddable":true,"href":"https:\/\/www.agite.cz\/index.php?rest_route=\/wp\/v2\/users\/1"}],"replies":[{"embeddable":true,"href":"https:\/\/www.agite.cz\/index.php?rest_route=%2Fwp%2Fv2%2Fcomments&post=117"}],"version-history":[{"count":2,"href":"https:\/\/www.agite.cz\/index.php?rest_route=\/wp\/v2\/posts\/117\/revisions"}],"predecessor-version":[{"id":120,"href":"https:\/\/www.agite.cz\/index.php?rest_route=\/wp\/v2\/posts\/117\/revisions\/120"}],"wp:attachment":[{"href":"https:\/\/www.agite.cz\/index.php?rest_route=%2Fwp%2Fv2%2Fmedia&parent=117"}],"wp:term":[{"taxonomy":"category","embeddable":true,"href":"https:\/\/www.agite.cz\/index.php?rest_route=%2Fwp%2Fv2%2Fcategories&post=117"},{"taxonomy":"post_tag","embeddable":true,"href":"https:\/\/www.agite.cz\/index.php?rest_route=%2Fwp%2Fv2%2Ftags&post=117"}],"curies":[{"name":"wp","href":"https:\/\/api.w.org\/{rel}","templated":true}]}}