{"id":121,"date":"2015-04-17T13:19:18","date_gmt":"2015-04-17T11:19:18","guid":{"rendered":"http:\/\/www.agite.cz\/?p=121"},"modified":"2015-12-29T21:48:58","modified_gmt":"2015-12-29T20:48:58","slug":"romsky-policista-z-cech","status":"publish","type":"post","link":"https:\/\/www.agite.cz\/?p=121","title":{"rendered":"Romsk\u00fd policista z \u010cech&#8230;"},"content":{"rendered":"<p><img loading=\"lazy\" decoding=\"async\" src=\"http:\/\/www.agite.cz\/wp-content\/uploads\/2015\/12\/Policista.jpg\" alt=\"Policista\" width=\"172\" height=\"129\" class=\"alignnone size-full wp-image-122\" \/><\/p>\n<h4>Romsk\u00fd policista z \u010cech&#8230; Petr Tor\u00e1k<\/h4>\n<div><a href=\"http:\/\/zpravy.idnes.cz\/cesky-rom-policista-dostane-britske-vyznamenani-f6h-\/zahranicni.aspx?c=A150417_102535_zahranicni_bse\">http:\/\/zpravy.idnes.cz\/<\/a> (fotka je ze stejn\u00e9ho zdroje, jako \u010dl\u00e1nek)<\/div>\n<div>&nbsp;<\/div>\n<div>Romsk\u00fd policista ode\u0161el z \u010cech. M\u011bl k tomu dobr\u00fd d\u016fvod. Byl ob\u011bt\u00ed p\u0159edsudk\u016f a \u00fatok\u016f, v\u010detn\u011b fyzick\u00fdch. Jedni si na n\u011bm a jeho rodin\u011b l\u00e9\u010dili sv\u00e9 mindr\u00e1ky a druz\u00ed mu nedok\u00e1zali pomoci, ani ho chr\u00e1nit.<\/div>\n<div>&nbsp;<\/div>\n<div>Fand\u00edm panu Tor\u00e1kovi a je skv\u011bl\u00e9, \u017ee se v nov\u00e9 domovin\u011b etabloval a dok\u00e1zal uplatnit sv\u00e9 znalosti a dovednosti.<\/div>\n<div>Nen\u00ed skv\u011bl\u00e9, \u017ee takov\u00fd \u010dlov\u011bk ode\u0161el. Mysl\u00edm, \u017ee by zde byl velmi pot\u0159ebn\u00fd. Ale to nen\u00ed hlavn\u00ed d\u016fvod. Hlavn\u00ed d\u016fvod je, \u017ee v\u016fbec n\u011bkdo takov\u00fd musel odej\u00edt.<\/div>\n<div>Ode\u0161el, proto\u017ee zde m\u011bl ze \u017eivota peklo a ve Velk\u00e9 Brit\u00e1nii skl\u00edz\u00ed \u00fasp\u011bch a sb\u00edr\u00e1 vyznamen\u00e1n\u00ed.<\/div>\n<div>Mrz\u00ed m\u011b, \u017ee \u017eiji v zemi, ze kter\u00e9 odch\u00e1zej\u00ed schopn\u00ed lid\u00e9. Motivy jsou r\u016fzn\u00e9. Ekonomick\u00e9, politick\u00e9, rasov\u00e9&#8230; A m\u00e1lokdo se vrac\u00ed. V zahrani\u010d\u00ed nach\u00e1zej\u00ed to, co tady postr\u00e1dali.<\/div>\n<div>&nbsp;<\/div>\n<div>Odch\u00e1zelo by mnohem v\u00edc lid\u00ed, dostat p\u0159\u00edle\u017eitost. To nen\u00ed dobr\u00e1 vizitka na\u0161\u00ed kr\u00e1sn\u00e9, malebn\u00e9 zem\u011b, o kter\u00e9 psalo tolik b\u00e1sn\u00edk\u016f, une\u0161eno jej\u00ed kr\u00e1sou. Ale k \u010demu to je? K \u010demu je kr\u00e1sa, kterou si u\u017e\u00edvaj\u00ed turist\u00e9 a p\u00e1r poet\u016f.<\/div>\n<div>&nbsp;<\/div>\n<div>Cht\u011bla bych \u017e\u00edt v zemi, ve kter\u00e9 jsou smyslupln\u00e9 z\u00e1kony, men\u0161\u00ed korupce, kde st\u00e1t chr\u00e1ni slab\u0161\u00ed, ale neprot\u011b\u017euje vychytral\u00e9 nep\u0159izp\u016fsobivce, v zemi, ze kter\u00e9 se jej\u00ed nerostn\u00e9 bohatsv\u00ed net\u011b\u017e\u00ed jen proto, aby ve\u0161ker\u00fd v\u00fdnos kon\u010dil v zahrani\u010d\u00ed. V zemi, ze kter\u00e9 ti dob\u0159\u00ed odch\u00e1zej\u00ed do zahrani\u010d\u00ed.<\/div>\n<div>&nbsp;<\/div>\n<div>Fand\u00edm panu Tor\u00e1kovi a p\u0159eji mu je\u0161t\u011b mnoho dal\u0161\u00edch \u00fasp\u011bch\u016f. A osobn\u011b bych si p\u0159\u00e1la, aby to s n\u00e1mi je\u0161t\u011b zkusil a vr\u00e1til se. Ale to by byl s\u00e1m proti sob\u011b. Dokud se tady nic nezm\u011bn\u00ed k lep\u0161\u00edmu.<\/div>\n","protected":false},"excerpt":{"rendered":"<p>Romsk\u00fd policista z \u010cech&#8230; Petr Tor\u00e1k http:\/\/zpravy.idnes.cz\/ (fotka je ze stejn\u00e9ho zdroje, jako \u010dl\u00e1nek) &nbsp; Romsk\u00fd policista ode\u0161el z \u010cech. M\u011bl k tomu dobr\u00fd d\u016fvod. Byl ob\u011bt\u00ed p\u0159edsudk\u016f a \u00fatok\u016f, v\u010detn\u011b fyzick\u00fdch. Jedni si na n\u011bm a jeho rodin\u011b l\u00e9\u010dili sv\u00e9 mindr\u00e1ky a druz\u00ed mu nedok\u00e1zali pomoci, ani ho chr\u00e1nit. &nbsp; Fand\u00edm panu Tor\u00e1kovi a [&hellip;]<\/p>\n","protected":false},"author":1,"featured_media":0,"comment_status":"open","ping_status":"open","sticky":false,"template":"","format":"standard","meta":{"footnotes":""},"categories":[5],"tags":[],"class_list":["post-121","post","type-post","status-publish","format-standard","hentry","category-uvahy-a-komentare"],"_links":{"self":[{"href":"https:\/\/www.agite.cz\/index.php?rest_route=\/wp\/v2\/posts\/121","targetHints":{"allow":["GET"]}}],"collection":[{"href":"https:\/\/www.agite.cz\/index.php?rest_route=\/wp\/v2\/posts"}],"about":[{"href":"https:\/\/www.agite.cz\/index.php?rest_route=\/wp\/v2\/types\/post"}],"author":[{"embeddable":true,"href":"https:\/\/www.agite.cz\/index.php?rest_route=\/wp\/v2\/users\/1"}],"replies":[{"embeddable":true,"href":"https:\/\/www.agite.cz\/index.php?rest_route=%2Fwp%2Fv2%2Fcomments&post=121"}],"version-history":[{"count":2,"href":"https:\/\/www.agite.cz\/index.php?rest_route=\/wp\/v2\/posts\/121\/revisions"}],"predecessor-version":[{"id":124,"href":"https:\/\/www.agite.cz\/index.php?rest_route=\/wp\/v2\/posts\/121\/revisions\/124"}],"wp:attachment":[{"href":"https:\/\/www.agite.cz\/index.php?rest_route=%2Fwp%2Fv2%2Fmedia&parent=121"}],"wp:term":[{"taxonomy":"category","embeddable":true,"href":"https:\/\/www.agite.cz\/index.php?rest_route=%2Fwp%2Fv2%2Fcategories&post=121"},{"taxonomy":"post_tag","embeddable":true,"href":"https:\/\/www.agite.cz\/index.php?rest_route=%2Fwp%2Fv2%2Ftags&post=121"}],"curies":[{"name":"wp","href":"https:\/\/api.w.org\/{rel}","templated":true}]}}