{"id":131,"date":"2015-04-21T10:06:37","date_gmt":"2015-04-21T08:06:37","guid":{"rendered":"http:\/\/www.agite.cz\/?p=131"},"modified":"2020-04-16T18:00:26","modified_gmt":"2020-04-16T16:00:26","slug":"cesi-a-uplatky","status":"publish","type":"post","link":"https:\/\/www.agite.cz\/?p=131","title":{"rendered":"\u010ce\u0161i a \u00faplatky"},"content":{"rendered":"<p><center><img loading=\"lazy\" decoding=\"async\" src=\"http:\/\/www.agite.cz\/wp-content\/uploads\/2015\/12\/Uplatky.jpg\" alt=\"Uplatky\" width=\"275\" height=\"183\" class=\"alignnone size-full wp-image-132\" \/><\/center><\/p>\n<div><center>Ud\u00e1losti kolem Vladim\u00edra R\u016f\u017ei\u010dky m\u011b p\u0159ivedly k \u00favah\u00e1m o mor\u00e1lce, vzorech, Orwellovi a na\u0161\u00ed povaze.<\/center><\/div>\n<div><sup>Hned na \u00favod mus\u00edm zm\u00ednit, \u017ee ct\u00edm presumpci neviny a m\u00e1m k dispozici pouze informace ze sd\u011blovac\u00edch prost\u0159edk\u016f. Nikoho konkr\u00e9tn\u00edho zde nehodl\u00e1m odsuzovat, vyjad\u0159uji pouze sv\u016fj n\u00e1zor.<\/sup><\/div>\n<div>&nbsp;<\/div>\n<div>Jsem p\u0159\u00edle\u017eitostn\u00fd fanou\u0161ek hokeje. Fand\u00edm, kdy\u017e je p\u0159\u00edle\u017eitost. Co\u017e b\u00fdv\u00e1 v\u011bt\u0161inou, kdy\u017e se n\u00e1\u0161 t\u00fdm probojuje do semifin\u00e1le a v\u00fd\u0161. Jinak se o tento sport moc nezaj\u00edm\u00e1m. Mo\u017en\u00e1 je n\u00e1s takov\u00fdch v\u011bt\u0161ina a mo\u017en\u00e1 si to pan Pala\u0161\u010d\u00e1k dob\u0159e uv\u011bdomoval, kdy\u017e na\u010dasoval zve\u0159ejn\u011bn\u00ed videonahr\u00e1vky, na kter\u00e9 je on s\u00e1m v roli upl\u00e1cej\u00edc\u00edho.<\/div>\n<div>&nbsp;<\/div>\n<div>Pan R\u016f\u017ei\u010dka prohl\u00e1sil, \u017ee se nenech\u00e1 ni\u010d\u00edm rozptylovat, t\u00fdm se kolem n\u011bj semknul, \u010dinovn\u00edci \u010desk\u00e9ho hokeje argumentuj\u00ed presumpc\u00ed neviny a org\u00e1ny \u010dinn\u00e9 v trestn\u00edm \u0159\u00edzen\u00ed maj\u00ed 30 dn\u00ed, aby celou v\u011bc pro\u0161et\u0159ili. A n\u00e1rod? N\u00e1rod je ve dv\u00ed.<\/div>\n<div>&nbsp;<\/div>\n<div>Jedni hartus\u00ed, \u017ee to snad ten Pala\u0161\u010d\u00e1k ud\u011blal schv\u00e1ln\u011b, \u017ee t\u00edm chce cel\u00e9mu n\u00e1rodu pokazit mistrovstv\u00ed.<\/div>\n<div>&nbsp;<\/div>\n<div>Druz\u00ed nech\u00e1pou, pro\u010d se pan R\u016f\u017ei\u010dka nevzdal sv\u00e9 funkce, dokud se jeho jm\u00e9no neo\u010dist\u00ed, jeliko\u017e v civilizovan\u00fdch zem\u00edch sta\u010d\u00ed podez\u0159en\u00ed ze z\u00e1va\u017en\u00e9ho trestn\u00e9ho \u010dinu na to, aby \u010dlov\u011bk z ve\u0159ejn\u00e9 funkce odstoupil a byl tak dobr\u00fdm vzorem pro cel\u00fd n\u00e1rod. Zcela nehled\u011b na to, \u017ee pan R\u016f\u017ei\u010dka p\u0159ijet\u00ed obnosu nepop\u00edr\u00e1.<\/div>\n<div>&nbsp;<\/div>\n<div>Jedni maj\u00ed velk\u00e9 obavy, aby cel\u00e1 kauza nenaru\u0161ila pohodu n\u00e1rodn\u00edho t\u00fdmu.<\/div>\n<div>&nbsp;<\/div>\n<div>Druz\u00ed maj\u00ed obavu, aby p\u0159\u00edpadn\u00e9 zameten\u00ed cel\u00e9 kauzy pod koberec nenaru\u0161ilo pohodu cel\u00e9ho n\u00e1roda.<\/div>\n<div>&nbsp;<\/div>\n<div>Jedni budou p\u0159\u00edpadn\u00fd ne\u00fasp\u011bch n\u00e1rodn\u00edho t\u00fdmu p\u0159ipisovat t\u00e9to kauze.<\/div>\n<div>&nbsp;<\/div>\n<div>Druz\u00ed ji\u017e nebudou \u0159e\u0161it hokej, ale mor\u00e1lku.<\/div>\n<div>&nbsp;<\/div>\n<div>Mor\u00e1lku st\u00e1tu, ve kter\u00e9m \u017eijeme nep\u0159etr\u017eit\u011b, ne pouze v dob\u011b kon\u00e1n\u00ed mistrovstv\u00ed.<\/div>\n<div>Podle logiky pana R\u016f\u017ei\u010dky bychom policejn\u00ed hl\u00eddce, kter\u00e1 n\u00e1s zastav\u00ed kv\u016fli dopravn\u00edmu p\u0159estupku, mohli \u0159\u00edct, \u017ee te\u010f to s nimi rozhodn\u011b \u0159e\u0161it nebudeme, jeliko\u017e m\u00e1me n\u011bco d\u016fle\u017eit\u011bj\u0161\u00edho. Ale my bychom s t\u00edm nepochodili. Nejsme tren\u00e9\u0159i n\u00e1rodn\u00edho t\u00fdmu. To ale pak p\u0159est\u00e1v\u00e1 b\u00fdt pr\u00e1vn\u00ed st\u00e1t, pokud spravedlnost nen\u00ed slep\u00e1 a z\u00e1kony nem\u011b\u0159\u00ed v\u0161em stejn\u011b.<\/div>\n<div>&nbsp;<\/div>\n<div>Chci v\u011b\u0159it, \u017ee kauza pana R\u016f\u017ei\u010dky bude pro\u0161et\u0159ov\u00e1na stejn\u011b, jako by byla pro\u0161et\u0159ov\u00e1na u ka\u017ed\u00e9ho z n\u00e1s a pokud budou shled\u00e1ny d\u016fvody k zat\u010den\u00ed pro d\u016fvodn\u00e9 podez\u0159en\u00ed ze sp\u00e1ch\u00e1n\u00ed trestn\u00e9ho \u010dinu, co\u017e p\u0159ij\u00edm\u00e1n\u00ed \u00faplatk\u016f je, bude zat\u010den. A t\u0159eba uprost\u0159ed mistrovstv\u00ed.<\/div>\n<div>N\u00e1s ostatn\u00edch, netren\u00e9r\u016f, by se tak\u00e9 nikdo neptal, zda nem\u00e1me rozd\u011blan\u00e9ho n\u011bco d\u016fle\u017eit\u00e9ho. Zatkli by n\u00e1s t\u0159eba na ulici b\u011bhem ven\u010den\u00ed na\u0161eho psa.<\/div>\n","protected":false},"excerpt":{"rendered":"<p>Ud\u00e1losti kolem Vladim\u00edra R\u016f\u017ei\u010dky m\u011b p\u0159ivedly k \u00favah\u00e1m o mor\u00e1lce, vzorech, Orwellovi a na\u0161\u00ed povaze. Hned na \u00favod mus\u00edm zm\u00ednit, \u017ee ct\u00edm presumpci neviny a m\u00e1m k dispozici pouze informace ze sd\u011blovac\u00edch prost\u0159edk\u016f. Nikoho konkr\u00e9tn\u00edho zde nehodl\u00e1m odsuzovat, vyjad\u0159uji pouze sv\u016fj n\u00e1zor. &nbsp; Jsem p\u0159\u00edle\u017eitostn\u00fd fanou\u0161ek hokeje. Fand\u00edm, kdy\u017e je p\u0159\u00edle\u017eitost. Co\u017e b\u00fdv\u00e1 v\u011bt\u0161inou, kdy\u017e [&hellip;]<\/p>\n","protected":false},"author":1,"featured_media":0,"comment_status":"open","ping_status":"open","sticky":false,"template":"","format":"standard","meta":{"footnotes":""},"categories":[8],"tags":[],"class_list":["post-131","post","type-post","status-publish","format-standard","hentry","category-obcansky-prostor"],"_links":{"self":[{"href":"https:\/\/www.agite.cz\/index.php?rest_route=\/wp\/v2\/posts\/131","targetHints":{"allow":["GET"]}}],"collection":[{"href":"https:\/\/www.agite.cz\/index.php?rest_route=\/wp\/v2\/posts"}],"about":[{"href":"https:\/\/www.agite.cz\/index.php?rest_route=\/wp\/v2\/types\/post"}],"author":[{"embeddable":true,"href":"https:\/\/www.agite.cz\/index.php?rest_route=\/wp\/v2\/users\/1"}],"replies":[{"embeddable":true,"href":"https:\/\/www.agite.cz\/index.php?rest_route=%2Fwp%2Fv2%2Fcomments&post=131"}],"version-history":[{"count":2,"href":"https:\/\/www.agite.cz\/index.php?rest_route=\/wp\/v2\/posts\/131\/revisions"}],"predecessor-version":[{"id":134,"href":"https:\/\/www.agite.cz\/index.php?rest_route=\/wp\/v2\/posts\/131\/revisions\/134"}],"wp:attachment":[{"href":"https:\/\/www.agite.cz\/index.php?rest_route=%2Fwp%2Fv2%2Fmedia&parent=131"}],"wp:term":[{"taxonomy":"category","embeddable":true,"href":"https:\/\/www.agite.cz\/index.php?rest_route=%2Fwp%2Fv2%2Fcategories&post=131"},{"taxonomy":"post_tag","embeddable":true,"href":"https:\/\/www.agite.cz\/index.php?rest_route=%2Fwp%2Fv2%2Ftags&post=131"}],"curies":[{"name":"wp","href":"https:\/\/api.w.org\/{rel}","templated":true}]}}