{"id":141,"date":"2015-05-21T10:09:06","date_gmt":"2015-05-21T08:09:06","guid":{"rendered":"http:\/\/www.agite.cz\/?p=141"},"modified":"2020-04-16T18:04:04","modified_gmt":"2020-04-16T16:04:04","slug":"emil-hacha","status":"publish","type":"post","link":"https:\/\/www.agite.cz\/?p=141","title":{"rendered":"Emil H\u00e1cha"},"content":{"rendered":"<div>Jedna z nejkontroverzn\u011bj\u0161\u00edch postav na\u0161\u00ed historie.<\/div>\n<div>&nbsp;<\/div>\n<p><img loading=\"lazy\" decoding=\"async\" src=\"http:\/\/www.agite.cz\/wp-content\/uploads\/2015\/12\/Hacha.png\" alt=\"Emil H\u00e1cha\" width=\"134\" height=\"178\" class=\"alignnone size-full wp-image-142\" \/><\/p>\n<div>&nbsp;<\/div>\n<div>\u010clov\u011bk, kter\u00fd pro\u017eil \u017eivot jako soudce. V\u017edy se, dle jeho vlastn\u00edch slov, sna\u017eil hledat spravedlnost a nakonec se dostal do situace, kter\u00e1 nem\u011bla spr\u00e1vn\u00e9, spravedliv\u00e9 v\u00fdchodisko.<\/div>\n<div>&nbsp;<\/div>\n<div>Dok\u00e1\u017ee si n\u011bkdo z V\u00e1s p\u0159edstavit, \u017ee by byl v jeho situaci?<\/div>\n<div>&nbsp;<\/div>\n<div>V\u00edte, \u017ee V\u00e1\u0161 podpis na dokumentu, kter\u00fd legalizuje vstup n\u011bmeck\u00e9 arm\u00e1dy na na\u0161e \u00fazem\u00ed m\u016f\u017ee moment\u00e1ln\u011b zachr\u00e1nit statis\u00edce \u017eivot\u016f, ale oslab\u00edte t\u00edm pozici republiky, zlom\u00edte ducha n\u00e1roda a odsoud\u00edte sebe sam\u00e9ho k zatracen\u00ed.<\/div>\n<div>&nbsp;<\/div>\n<div>Kdy\u017e nepodep\u00ed\u0161ete, katastrof\u011b nezabr\u00e1n\u00edte. Pravd\u011bpodobn\u011b dojde ke zni\u010den\u00ed Prahy a zma\u0159en\u00ed mnoha lidsk\u00fdch \u017eivot\u016f. Pomoc spojenc\u016f neusp\u00ed\u0161\u00edte. Ti vy\u010dk\u00e1vaj\u00ed a s nejvy\u0161\u0161\u00ed pravd\u011bpodobnost\u00ed se ji\u017e rozhodli, \u017ee malou zemi\u010dku v srdci Evropy ob\u011btuj\u00ed, pokud to povede k uklidn\u011bn\u00ed situace v Evrop\u011b a k jejich vlastn\u00edmu bezpe\u010d\u00ed.<\/div>\n<div>&nbsp;<\/div>\n<div>Historick\u00e9 pam\u00e1tky by byly nav\u017edy zni\u010den\u00e9. Lidsk\u00e9 \u017eivoty nen\u00e1vratn\u011b vyhasl\u00e9.<\/div>\n<div>&nbsp;<\/div>\n<div>Pokl\u00e1d\u00e1m prezidentsk\u00e9 obdob\u00ed Dr. Emila H\u00e1chy za jeho nejt\u011b\u017e\u0161\u00ed \u017eivotn\u00ed etapu. Musel vynalo\u017eit obrovsk\u00e9 \u00fasil\u00ed, aby sv\u016fj \u017eivot p\u0159ed\u010dasn\u011b neukon\u010dil a neuvolnil tak m\u00edsto pro n\u011bkoho jin\u00e9ho, skute\u010dn\u011b kolaburuj\u00edc\u00edho.<\/div>\n<div>&nbsp;<\/div>\n<div>Mrz\u00ed mne, \u017ee musel odej\u00edt v hanb\u011b.<\/div>\n<div>&nbsp;<\/div>\n<div>Nev\u00edm, jak bych se na jeho m\u00edst\u011b zachovala j\u00e1. Mo\u017en\u00e1 bych podala demisy. Mo\u017en\u00e1 bych odjela do Lond\u00fdna&#8230;<\/div>\n<div>A mo\u017en\u00e1 bych dok\u00e1zala ob\u011btovat sv\u016fj \u017eivot, sv\u016fj osobn\u00ed prosp\u011bch a budouc\u00ed pov\u011bst a sna\u017eila se b\u00fdt \u0161t\u00edtem, kter\u00fd zm\u00edr\u0148uje dopady krutovl\u00e1dy a u\u0161et\u0159\u00ed ka\u017ed\u00fd \u017eivot, kter\u00fd u\u0161et\u0159it m\u016f\u017ee.<\/div>\n<div>&nbsp;<\/div>\n<div>Neza\u017eila jsem tuto dobu, pana doktora jsem osobn\u011b nepoznala, soud\u00edm pouze na z\u00e1klad\u011b historick\u00fdch pramen\u016f. P\u0159esto m\u00e1m dojem, \u017ee vd\u011b\u010d\u00edme panu H\u00e1chovi za mnoh\u00e9.<\/div>\n<div>&nbsp;<\/div>\n<div>V\u00fdborn\u00e1 kniha k t\u00e9matu je od Tom\u00e1\u0161e Pas\u00e1ka, &#8222;JuDr. Emil H\u00e1cha&#8220;<\/div>\n","protected":false},"excerpt":{"rendered":"<p>Jedna z nejkontroverzn\u011bj\u0161\u00edch postav na\u0161\u00ed historie. &nbsp; &nbsp; \u010clov\u011bk, kter\u00fd pro\u017eil \u017eivot jako soudce. V\u017edy se, dle jeho vlastn\u00edch slov, sna\u017eil hledat spravedlnost a nakonec se dostal do situace, kter\u00e1 nem\u011bla spr\u00e1vn\u00e9, spravedliv\u00e9 v\u00fdchodisko. &nbsp; Dok\u00e1\u017ee si n\u011bkdo z V\u00e1s p\u0159edstavit, \u017ee by byl v jeho situaci? &nbsp; V\u00edte, \u017ee V\u00e1\u0161 podpis na dokumentu, kter\u00fd [&hellip;]<\/p>\n","protected":false},"author":1,"featured_media":0,"comment_status":"open","ping_status":"open","sticky":false,"template":"","format":"standard","meta":{"footnotes":""},"categories":[5],"tags":[],"class_list":["post-141","post","type-post","status-publish","format-standard","hentry","category-uvahy-a-komentare"],"_links":{"self":[{"href":"https:\/\/www.agite.cz\/index.php?rest_route=\/wp\/v2\/posts\/141","targetHints":{"allow":["GET"]}}],"collection":[{"href":"https:\/\/www.agite.cz\/index.php?rest_route=\/wp\/v2\/posts"}],"about":[{"href":"https:\/\/www.agite.cz\/index.php?rest_route=\/wp\/v2\/types\/post"}],"author":[{"embeddable":true,"href":"https:\/\/www.agite.cz\/index.php?rest_route=\/wp\/v2\/users\/1"}],"replies":[{"embeddable":true,"href":"https:\/\/www.agite.cz\/index.php?rest_route=%2Fwp%2Fv2%2Fcomments&post=141"}],"version-history":[{"count":1,"href":"https:\/\/www.agite.cz\/index.php?rest_route=\/wp\/v2\/posts\/141\/revisions"}],"predecessor-version":[{"id":143,"href":"https:\/\/www.agite.cz\/index.php?rest_route=\/wp\/v2\/posts\/141\/revisions\/143"}],"wp:attachment":[{"href":"https:\/\/www.agite.cz\/index.php?rest_route=%2Fwp%2Fv2%2Fmedia&parent=141"}],"wp:term":[{"taxonomy":"category","embeddable":true,"href":"https:\/\/www.agite.cz\/index.php?rest_route=%2Fwp%2Fv2%2Fcategories&post=141"},{"taxonomy":"post_tag","embeddable":true,"href":"https:\/\/www.agite.cz\/index.php?rest_route=%2Fwp%2Fv2%2Ftags&post=141"}],"curies":[{"name":"wp","href":"https:\/\/api.w.org\/{rel}","templated":true}]}}