{"id":144,"date":"2015-06-05T10:15:46","date_gmt":"2015-06-05T08:15:46","guid":{"rendered":"http:\/\/www.agite.cz\/?p=144"},"modified":"2020-04-16T18:03:54","modified_gmt":"2020-04-16T16:03:54","slug":"tupe-stado-ovci","status":"publish","type":"post","link":"https:\/\/www.agite.cz\/?p=144","title":{"rendered":"Tup\u00e9 st\u00e1do ovc\u00ed"},"content":{"rendered":"<div>Na n\u011bjakou chv\u00edli jsem se odml\u010dela. Je to t\u00edm, \u017ee ji\u017e nem\u00e1m slov.<\/div>\n<div>Ni\u010demu nerozum\u00edm.<\/div>\n<div>Jak to, \u017ee m\u00e1me ministra financ\u00ed, o kter\u00e9m v\u0161ichni v\u00edme, \u017ee je ve st\u0159etu z\u00e1jm\u016f a nikdo s t\u00edm nic ned\u011bl\u00e1 a jen ti\u0161e p\u0159ihl\u00ed\u017e\u00edme, jak ze sv\u00e9 pozice likviduje svou konkurenci, komplikuje \u017eivot \u017eivnostn\u00edk\u016fm, omezuje pr\u00e1va podnikatel\u016f&#8230;<\/div>\n<div>&nbsp;<\/div>\n<div>Pro\u010d jen p\u0159ihl\u00ed\u017e\u00edme?<\/div>\n<div>&nbsp;<\/div>\n<div>Pro\u010d m\u00e1 v pr\u016fzkumech st\u00e1le skv\u011bl\u00e9 v\u00fdsledky?<\/div>\n<div>&nbsp;<\/div>\n<div>\u017diji opravdu v zemi tupc\u016f?<\/div>\n<div>&nbsp;<\/div>\n<div>Zn\u00e1m jednoho, kter\u00fd o sv\u00e9m n\u00e1rodu v\u011bd\u011bl, \u017ee je l\u00edn\u00fd p\u0159em\u00fd\u0161let a m\u00e1lem se mu poda\u0159ilo zni\u010dit cel\u00fd sv\u011bt. V\u0161ichni jeho \u0159\u00e1d\u011bn\u00ed p\u0159ihl\u00ed\u017eeli. (byl to Hitler)<\/div>\n<div>&nbsp;<\/div>\n<div>Opravdu jsme se nepou\u010dili?<\/div>\n<div>Budeme op\u011bt, jak ty tup\u00e9 ovce, p\u0159ihl\u00ed\u017eet, jak si jeden mast\u00ed kapsy, omezuje na\u0161\u00ed svobodu a nic s t\u00edm neud\u011bl\u00e1me?<\/div>\n<div>&nbsp;<\/div>\n<div>Nem\u00e1m slov!!!<\/div>\n","protected":false},"excerpt":{"rendered":"<p>Na n\u011bjakou chv\u00edli jsem se odml\u010dela. Je to t\u00edm, \u017ee ji\u017e nem\u00e1m slov. Ni\u010demu nerozum\u00edm. Jak to, \u017ee m\u00e1me ministra financ\u00ed, o kter\u00e9m v\u0161ichni v\u00edme, \u017ee je ve st\u0159etu z\u00e1jm\u016f a nikdo s t\u00edm nic ned\u011bl\u00e1 a jen ti\u0161e p\u0159ihl\u00ed\u017e\u00edme, jak ze sv\u00e9 pozice likviduje svou konkurenci, komplikuje \u017eivot \u017eivnostn\u00edk\u016fm, omezuje pr\u00e1va podnikatel\u016f&#8230; &nbsp; Pro\u010d [&hellip;]<\/p>\n","protected":false},"author":1,"featured_media":0,"comment_status":"open","ping_status":"open","sticky":false,"template":"","format":"standard","meta":{"footnotes":""},"categories":[5],"tags":[],"class_list":["post-144","post","type-post","status-publish","format-standard","hentry","category-uvahy-a-komentare"],"_links":{"self":[{"href":"https:\/\/www.agite.cz\/index.php?rest_route=\/wp\/v2\/posts\/144","targetHints":{"allow":["GET"]}}],"collection":[{"href":"https:\/\/www.agite.cz\/index.php?rest_route=\/wp\/v2\/posts"}],"about":[{"href":"https:\/\/www.agite.cz\/index.php?rest_route=\/wp\/v2\/types\/post"}],"author":[{"embeddable":true,"href":"https:\/\/www.agite.cz\/index.php?rest_route=\/wp\/v2\/users\/1"}],"replies":[{"embeddable":true,"href":"https:\/\/www.agite.cz\/index.php?rest_route=%2Fwp%2Fv2%2Fcomments&post=144"}],"version-history":[{"count":1,"href":"https:\/\/www.agite.cz\/index.php?rest_route=\/wp\/v2\/posts\/144\/revisions"}],"predecessor-version":[{"id":145,"href":"https:\/\/www.agite.cz\/index.php?rest_route=\/wp\/v2\/posts\/144\/revisions\/145"}],"wp:attachment":[{"href":"https:\/\/www.agite.cz\/index.php?rest_route=%2Fwp%2Fv2%2Fmedia&parent=144"}],"wp:term":[{"taxonomy":"category","embeddable":true,"href":"https:\/\/www.agite.cz\/index.php?rest_route=%2Fwp%2Fv2%2Fcategories&post=144"},{"taxonomy":"post_tag","embeddable":true,"href":"https:\/\/www.agite.cz\/index.php?rest_route=%2Fwp%2Fv2%2Ftags&post=144"}],"curies":[{"name":"wp","href":"https:\/\/api.w.org\/{rel}","templated":true}]}}