{"id":146,"date":"2015-06-05T11:15:38","date_gmt":"2015-06-05T09:15:38","guid":{"rendered":"http:\/\/www.agite.cz\/?p=146"},"modified":"2020-04-16T18:03:33","modified_gmt":"2020-04-16T16:03:33","slug":"skola-zaklad-zivota","status":"publish","type":"post","link":"https:\/\/www.agite.cz\/?p=146","title":{"rendered":"\u0161kola z\u00e1klad \u017eivota?"},"content":{"rendered":"<div>Vzd\u011bl\u00e1n\u00ed je velmi d\u016fle\u017eit\u00e9.<\/div>\n<div>&nbsp;<\/div>\n<div>Nejen, \u017ee vzd\u011blan\u00fd \u010dlov\u011bk m\u00e1 v\u011bt\u0161\u00ed rozhled a lep\u0161\u00ed mo\u017enosti uplatn\u011bn\u00ed na &#8222;trhu pr\u00e1ce&#8220;, ale je i mnohem h\u016f\u0159 manipulovateln\u00fd.<\/div>\n<div>&nbsp;<\/div>\n<div>Jen\u017ee, stoj\u00ed st\u00e1t o vzd\u011blan\u00e9 lidi?<\/div>\n<div>Nestoj\u00ed mnohem sp\u00ed\u0161 o nevzd\u011blance, kte\u0159\u00ed uv\u011b\u0159\u00ed \u00fasm\u011bvu \u010d.3, na\u017eehlen\u00e9mu s\u00e1\u010dku, ale obsahu sd\u011blen\u00ed neporozum\u00ed?<\/div>\n<div>Mysl\u00edm si, \u017ee \u0161kola je p\u0159edev\u0161\u00edm z\u00e1klad st\u00e1tu. Jak\u00e9 jsou \u0161koly, takov\u00fd b\u00fdv\u00e1 i st\u00e1t.<\/div>\n<div>&nbsp;<\/div>\n<div>Podporuj\u00ed na\u0161e \u0161koly samostatn\u00e9 uva\u017eov\u00e1n\u00ed? Rozvoj kreativity? Posiluj\u00ed na\u0161e \u0161koly v d\u011btech pocit odpov\u011bdnosti za sebe i sv\u00e9 okol\u00ed?<\/div>\n<div>V\u011bt\u0161ina ne!<\/div>\n<div>V\u011bt\u0161ina \u0161kol v d\u011btech zako\u0159e\u0148uje nechu\u0165 k u\u010den\u00ed, sobeck\u00e9 sledov\u00e1n\u00ed pouze vlastn\u00edch z\u00e1jm\u016f, nesn\u00e1\u0161enlivost k odli\u0161nostem&#8230;<\/div>\n<div>&nbsp;<\/div>\n<div>D\u011bti, kter\u00e9 dou\u010duji, si s velkou radost\u00ed nechaj\u00ed uj\u00edt \u0161koln\u00ed doch\u00e1zku kdykoli to jen trochu jde. Dou\u010dov\u00e1n\u00ed v\u0161ak ne. Nen\u00ed v\u00fdjimkou, \u017ee je jim r\u00e1no \u0161patn\u011b a nemohou j\u00edt do \u0161koly, na dou\u010dov\u00e1n\u00ed jsou ale fit a odm\u00edtaj\u00ed jeho zru\u0161en\u00ed.<\/div>\n<div>Pro\u010d?<\/div>\n<div>Nikdy d\u011bti neponi\u017euji, kdy\u017e jim n\u011bco nejde. Nikdy se jim nesm\u011bji. Nepodce\u0148uji je. Kdy\u017e si jedno d\u00edt\u011b d\u011bl\u00e1 legraci z druh\u00e9ho, proto\u017ee n\u011bco ud\u011bl\u00e1 \u0161patn\u011b, vyj\u00e1d\u0159\u00edm sv\u016fj nesouhlas s takov\u00fdm chov\u00e1n\u00edm. \u00da\u0161klebky brzy ustanou, jeliko\u017e nejsou odm\u011bn\u011bny sm\u00edchem dosp\u011bl\u00e9ho, co\u017e se o \u0161koln\u00edm vyu\u010dov\u00e1n\u00ed tvrdit ned\u00e1&#8230;<\/div>\n<div>&nbsp;<\/div>\n<div>U\u010d\u00edm d\u011bti, aby se vz\u00e1jemn\u011b podporovaly, pom\u00e1haly si. Brzy na vlastn\u00ed k\u016f\u017ei poznaj\u00ed kr\u00e1sn\u00fd pocit z toho, kdy\u017e n\u011bkomu pomohou, m\u00edsto aby se mu posm\u00edvaly a stane se jim to vlastn\u00ed.<\/div>\n<div>Jen\u017ee to je pot\u0159eba uk\u00e1zat, p\u0159iv\u00e9st je k tomu. Pak u\u017e to dok\u00e1\u017e\u00ed bez m\u00e9 &#8222;navigace&#8220;.<\/div>\n<div>&nbsp;<\/div>\n<div>A dal\u0161\u00ed zaj\u00edmav\u00fd bod. Soci\u00e1ln\u00ed rozd\u00edly. D\u011bti je velmi citliv\u011b vn\u00edmaj\u00ed, p\u0159esto je to n\u011bco, co nemohou ovlivnit. \u010casto mezi nimi je jak\u00e9si nap\u011bt\u00ed, kter\u00e9 eskaluje p\u0159i ka\u017ed\u00e9 p\u0159\u00edle\u017eitosti.<\/div>\n<div>Toto nap\u011bt\u00ed lze v\u0161ak snadno odbourat pomoc\u00ed r\u016fzn\u00fdch rozhovor\u016f. Nelze v\u0161ak d\u011blat, \u017ee neexistuje a nechat d\u011bti, a\u0165 se s t\u00edm n\u011bjak popasuj\u00ed.<\/div>\n<div>&nbsp;<\/div>\n<div>Takov\u00fdch v\u011bc\u00ed by se dalo jmenovat mnohem v\u00edc&#8230;<\/div>\n<div>&nbsp;<\/div>\n<div>M\u011b p\u0159edev\u0161\u00edm mrz\u00ed, \u017ee \u0161kola nen\u00ed m\u00edstem, kam by si d\u011bti chodily nejen pro v\u011bdomosti, ale i dovednosti mezilidsk\u00e9ho sou\u017eit\u00ed a schopnosti celo\u017eivotn\u011b se vzd\u011bl\u00e1vat, u\u010dit nov\u00fdm v\u011bcem&#8230;<\/div>\n<div>Jsou r\u00e1dy, \u017ee to maj\u00ed za sebou a brzy v\u011bt\u0161inu toho, co se nau\u010dily, zapomenou.<\/div>\n<div>&nbsp;<\/div>\n<div>\u0160koda.<\/div>\n","protected":false},"excerpt":{"rendered":"<p>Vzd\u011bl\u00e1n\u00ed je velmi d\u016fle\u017eit\u00e9. &nbsp; Nejen, \u017ee vzd\u011blan\u00fd \u010dlov\u011bk m\u00e1 v\u011bt\u0161\u00ed rozhled a lep\u0161\u00ed mo\u017enosti uplatn\u011bn\u00ed na &#8222;trhu pr\u00e1ce&#8220;, ale je i mnohem h\u016f\u0159 manipulovateln\u00fd. &nbsp; Jen\u017ee, stoj\u00ed st\u00e1t o vzd\u011blan\u00e9 lidi? Nestoj\u00ed mnohem sp\u00ed\u0161 o nevzd\u011blance, kte\u0159\u00ed uv\u011b\u0159\u00ed \u00fasm\u011bvu \u010d.3, na\u017eehlen\u00e9mu s\u00e1\u010dku, ale obsahu sd\u011blen\u00ed neporozum\u00ed? Mysl\u00edm si, \u017ee \u0161kola je p\u0159edev\u0161\u00edm z\u00e1klad st\u00e1tu. [&hellip;]<\/p>\n","protected":false},"author":1,"featured_media":0,"comment_status":"open","ping_status":"open","sticky":false,"template":"","format":"standard","meta":{"footnotes":""},"categories":[5],"tags":[],"class_list":["post-146","post","type-post","status-publish","format-standard","hentry","category-uvahy-a-komentare"],"_links":{"self":[{"href":"https:\/\/www.agite.cz\/index.php?rest_route=\/wp\/v2\/posts\/146","targetHints":{"allow":["GET"]}}],"collection":[{"href":"https:\/\/www.agite.cz\/index.php?rest_route=\/wp\/v2\/posts"}],"about":[{"href":"https:\/\/www.agite.cz\/index.php?rest_route=\/wp\/v2\/types\/post"}],"author":[{"embeddable":true,"href":"https:\/\/www.agite.cz\/index.php?rest_route=\/wp\/v2\/users\/1"}],"replies":[{"embeddable":true,"href":"https:\/\/www.agite.cz\/index.php?rest_route=%2Fwp%2Fv2%2Fcomments&post=146"}],"version-history":[{"count":1,"href":"https:\/\/www.agite.cz\/index.php?rest_route=\/wp\/v2\/posts\/146\/revisions"}],"predecessor-version":[{"id":147,"href":"https:\/\/www.agite.cz\/index.php?rest_route=\/wp\/v2\/posts\/146\/revisions\/147"}],"wp:attachment":[{"href":"https:\/\/www.agite.cz\/index.php?rest_route=%2Fwp%2Fv2%2Fmedia&parent=146"}],"wp:term":[{"taxonomy":"category","embeddable":true,"href":"https:\/\/www.agite.cz\/index.php?rest_route=%2Fwp%2Fv2%2Fcategories&post=146"},{"taxonomy":"post_tag","embeddable":true,"href":"https:\/\/www.agite.cz\/index.php?rest_route=%2Fwp%2Fv2%2Ftags&post=146"}],"curies":[{"name":"wp","href":"https:\/\/api.w.org\/{rel}","templated":true}]}}