{"id":30,"date":"2015-04-22T11:01:37","date_gmt":"2015-04-22T09:01:37","guid":{"rendered":"http:\/\/www.agite.cz\/?p=30"},"modified":"2015-12-29T21:06:06","modified_gmt":"2015-12-29T20:06:06","slug":"co-je-to-zazitek","status":"publish","type":"post","link":"https:\/\/www.agite.cz\/?p=30","title":{"rendered":"Co je to z\u00e1\u017eitek?"},"content":{"rendered":"<div>Cituji ze zdroje: <a href=\"http:\/\/necyklopedie.wikia.com\/wiki\/V%C3%BDkladov%C3%BD_slovn%C3%ADk#Z\" target=\"_blank\">http:\/\/necyklopedie.wikia.com\/<\/a><br \/>\n&#8222;z\u00e1\u017eitek &#8211; ud\u00e1lost, kterou jste za\u017eili. Pokud jste ji nep\u0159e\u017eili, jedn\u00e1 se o z\u00e1smrtek&#8220; \ud83d\ude42<\/div>\n<div>&nbsp;<\/div>\n<div>Trocha humoru na \u00favod, ale nyn\u00ed v\u00e1\u017en\u011b.<\/div>\n<div>&nbsp;<\/div>\n<h4>Z\u00e1\u017eitek, za\u017e\u00edt, \u017e\u00edt, u\u017e\u00edt si&#8230;<\/h4>\n<div>&nbsp;<\/div>\n<div>Z\u00e1\u017eitek by m\u011bl b\u00fdt hezk\u00fd, zapamatovateln\u00fd, v\u00fdjime\u010dn\u00fd, napl\u0148uj\u00edc\u00ed a dalo by se je\u0161t\u011b dlouho pokra\u010dovat.<\/div>\n<div>&nbsp;<\/div>\n<div>Nav\u0161t\u00edvila jsem po dlouh\u00fdch letech Mat\u011bjskou pou\u0165. Byla to nostalgie. \u010c\u00e1st d\u011btsv\u00ed jsem pro\u017eila na nedalek\u00e9 Letn\u00e9, p\u0159es Stromovku to na pou\u0165 bylo asi deset minut.<\/div>\n<div>N\u011bkter\u00e9 atrakce jsem pozn\u00e1vala, ale v\u011bt\u0161ina byla nov\u00e1.<\/div>\n<div>Dlouho jsem st\u00e1la a pozorovala \u017eiv\u00e9 pon\u00edky, jak chod\u00ed st\u00e1le dokola. Bylo mi jich l\u00edto.<\/div>\n<div>&nbsp;<\/div>\n<div>P\u0159i pohledu na labut\u011b se mi vybavily vzpom\u00ednky na tat\u00ednka, kter\u00fd m\u011b kdysi na labut\u011b vzal. Dr\u017eel ovl\u00e1dac\u00ed p\u00e1ku a j\u00e1 se stra\u0161n\u011b b\u00e1la. Povyjeli jsme sotva p\u00e1r metr\u016f vzh\u016fru a j\u00e1 \u017eadonila, aby u\u017e za p\u00e1ku netahal, \u017ee se v\u00fd\u0161 boj\u00edm. Tat\u00ednek to chv\u00edli vydr\u017eel, ale pak nen\u00e1padn\u011b zase za p\u00e1ku zat\u00e1hl a my se s cuknut\u00edm vydali o dal\u0161\u00edch p\u00e1r metr\u016f v\u00fd\u0161.<\/div>\n<div>T\u00edmto zp\u016fsobem, kdy \u017eadon\u011bn\u00ed st\u0159\u00eddalo zat\u00e1hnut\u00ed za p\u00e1ku, jsme se nakonec dostali a\u017e nahoru. M\u011bla jsem pohled up\u0159en\u00fd do vnit\u0159ku labut\u011b a nic m\u011b nep\u0159esv\u011bd\u010dilo, abych se kochala, pr\u00fd, kr\u00e1sn\u00fdm v\u00fdhledem. To tehdy byl z\u00e1\u017eitek.<\/div>\n<div>&nbsp;<\/div>\n<div>Po opakov\u00e1n\u00ed tohoto z\u00e1\u017eitku jsem ani po letech \u00fapln\u011b netou\u017eila. Strach z v\u00fd\u0161ek se u mne s v\u011bkem sp\u00ed\u0161 je\u0161t\u011b zhor\u0161il.<\/div>\n<div>&nbsp;<\/div>\n<div>P\u0159i p\u0159ihl\u00e9dnut\u00ed k v\u00fd\u0161e popsan\u00e9mu nech\u00e1pu, jak m\u011b mohlo napadnout, vydat se na jednu z nov\u00fdch atrakc\u00ed. Na prvn\u00ed pohled vypadala ne\u0161kodn\u011b. Takov\u00fd \u0159et\u00edzk\u00e1\u010d, jen o dost vy\u0161\u0161\u00ed. Vlastn\u011b to byla asi druh\u00e1 nejvy\u0161\u0161\u00ed atrakce na cel\u00e9 pouti.<\/div>\n<div>&nbsp;<\/div>\n<p><a href=\"http:\/\/www.agite.cz\/wp-content\/uploads\/2015\/12\/pout.jpg\"><img loading=\"lazy\" decoding=\"async\" src=\"http:\/\/www.agite.cz\/wp-content\/uploads\/2015\/12\/pout-1024x768.jpg\" alt=\"Pou\u0165\" width=\"680\" height=\"510\" class=\"alignnone size-large wp-image-31\" srcset=\"https:\/\/www.agite.cz\/wp-content\/uploads\/2015\/12\/pout-1024x768.jpg 1024w, https:\/\/www.agite.cz\/wp-content\/uploads\/2015\/12\/pout-300x225.jpg 300w\" sizes=\"auto, (max-width: 680px) 100vw, 680px\" \/><\/a><\/p>\n<div>&nbsp;<\/div>\n<div>Z cel\u00e9 atrakce si pamatuji za\u010d\u00e1tek, kdy jsem se pohodln\u011b usadila do bezpe\u010dn\u011b vyhl\u00ed\u017eej\u00edc\u00ed seda\u010dky a p\u00e1r prvn\u00edch oto\u010dek. Potom se cel\u00fd \u0159et\u00edzk\u00e1\u010d za\u010dal zvedat vzh\u016fru. Zav\u0159ela jsem o\u010di. P\u0159edstavovala si, \u017ee jsem na hor\u00e1ch. Tam toti\u017e taky fouk\u00e1. Do m\u00e9 p\u0159edstavy nezapadal pouze popisn\u00fd koment\u00e1\u0159 m\u00e9 p\u0159\u00edtelkyn\u011b, kter\u00e1 detailn\u011b popisovala v\u0161e, co bylo vid\u011bt.<\/div>\n<div>Strach, kter\u00fd jsem pro\u017e\u00edvala, lze slovy jen t\u011b\u017eko popsat.<\/div>\n<div>Po p\u0159ist\u00e1n\u00ed jsem odklop\u00fdtala do nejbli\u017e\u0161\u00edho ob\u010derstvovac\u00edho za\u0159\u00edzen\u00ed, posadila se na vratkou lavi\u010dku, kterou jsem m\u00e1lem p\u0159evrhla a tou\u017eila po pan\u00e1ku.<\/div>\n<div>Pan\u00e1k nebyl. Byla v\u00fdborn\u00e1 klob\u00e1sa s chlebem a zlatav\u00fd mok.<\/div>\n<div>A byl to z\u00e1\u017eitek, na kter\u00fd asi nikdy nezapomenu.<\/div>\n<div>A to p\u0159esto, \u017ee se m\u00e1lem jednalo o &#8222;z\u00e1smrtek&#8220; \ud83d\ude42<\/div>\n","protected":false},"excerpt":{"rendered":"<p>Cituji ze zdroje: http:\/\/necyklopedie.wikia.com\/ &#8222;z\u00e1\u017eitek &#8211; ud\u00e1lost, kterou jste za\u017eili. Pokud jste ji nep\u0159e\u017eili, jedn\u00e1 se o z\u00e1smrtek&#8220; \ud83d\ude42 &nbsp; Trocha humoru na \u00favod, ale nyn\u00ed v\u00e1\u017en\u011b. &nbsp; Z\u00e1\u017eitek, za\u017e\u00edt, \u017e\u00edt, u\u017e\u00edt si&#8230; &nbsp; Z\u00e1\u017eitek by m\u011bl b\u00fdt hezk\u00fd, zapamatovateln\u00fd, v\u00fdjime\u010dn\u00fd, napl\u0148uj\u00edc\u00ed a dalo by se je\u0161t\u011b dlouho pokra\u010dovat. &nbsp; Nav\u0161t\u00edvila jsem po dlouh\u00fdch letech [&hellip;]<\/p>\n","protected":false},"author":1,"featured_media":0,"comment_status":"open","ping_status":"open","sticky":false,"template":"","format":"standard","meta":{"footnotes":""},"categories":[6],"tags":[],"class_list":["post-30","post","type-post","status-publish","format-standard","hentry","category-kam-za-zazitky"],"_links":{"self":[{"href":"https:\/\/www.agite.cz\/index.php?rest_route=\/wp\/v2\/posts\/30","targetHints":{"allow":["GET"]}}],"collection":[{"href":"https:\/\/www.agite.cz\/index.php?rest_route=\/wp\/v2\/posts"}],"about":[{"href":"https:\/\/www.agite.cz\/index.php?rest_route=\/wp\/v2\/types\/post"}],"author":[{"embeddable":true,"href":"https:\/\/www.agite.cz\/index.php?rest_route=\/wp\/v2\/users\/1"}],"replies":[{"embeddable":true,"href":"https:\/\/www.agite.cz\/index.php?rest_route=%2Fwp%2Fv2%2Fcomments&post=30"}],"version-history":[{"count":6,"href":"https:\/\/www.agite.cz\/index.php?rest_route=\/wp\/v2\/posts\/30\/revisions"}],"predecessor-version":[{"id":33,"href":"https:\/\/www.agite.cz\/index.php?rest_route=\/wp\/v2\/posts\/30\/revisions\/33"}],"wp:attachment":[{"href":"https:\/\/www.agite.cz\/index.php?rest_route=%2Fwp%2Fv2%2Fmedia&parent=30"}],"wp:term":[{"taxonomy":"category","embeddable":true,"href":"https:\/\/www.agite.cz\/index.php?rest_route=%2Fwp%2Fv2%2Fcategories&post=30"},{"taxonomy":"post_tag","embeddable":true,"href":"https:\/\/www.agite.cz\/index.php?rest_route=%2Fwp%2Fv2%2Ftags&post=30"}],"curies":[{"name":"wp","href":"https:\/\/api.w.org\/{rel}","templated":true}]}}