{"id":54,"date":"2015-05-04T10:05:28","date_gmt":"2015-05-04T08:05:28","guid":{"rendered":"http:\/\/www.agite.cz\/?p=54"},"modified":"2015-12-29T21:07:27","modified_gmt":"2015-12-29T20:07:27","slug":"malba-srdcem","status":"publish","type":"post","link":"https:\/\/www.agite.cz\/?p=54","title":{"rendered":"Malba srdcem"},"content":{"rendered":"<div>O v\u00edkendu jsem se z\u00fa\u010dastnila semin\u00e1\u0159e s n\u00e1zvem &#8222;Malba srdcem&#8220;.<\/div>\n<div>Byl to pro mne \u00fa\u017easn\u00fd z\u00e1\u017eitek.<\/div>\n<div>Poprv\u00e9 jsem malovala na pl\u00e1tno, hr\u00e1la si s barvami, p\u0159ekonala ostych ze \u0161t\u011btce a barev.<\/div>\n<div>Sv\u011bt, ve kter\u00e9m \u017eijeme je m\u00e1lo barevn\u00fd. Snad se barev boj\u00edme? Boj\u00edme se reakc\u00ed? Nev\u00edm, ale v\u0161imla jsem si, jak blahod\u00e1rn\u011b p\u016fsob\u00ed barvy na m\u011b. Vyj\u00e1d\u0159it emoce pomoc\u00ed barev, eventueln\u011b pomoc\u00ed tvar\u016f je osvobozuj\u00edc\u00ed, povzn\u00e1\u0161ej\u00edc\u00ed.<\/div>\n<div>&nbsp;<\/div>\n<div>Ve chv\u00edli, kdy popadnete \u0161t\u011btec, naberete na n\u011bj barvu a t\u00e1hnete s n\u00edm po pl\u00e1tn\u011b, mysl\u00edte na v\u0161echno a na nic. Je to ur\u010dit\u00e1 forma relaxace, transu&#8230;<\/div>\n<div>&nbsp;<\/div>\n<div>Semin\u00e1\u0159 &#8222;Malba srdcem&#8220; mohu v\u0161em v\u0159ele doporu\u010dit. Nez\u00e1le\u017e\u00ed na tom, zda si mysl\u00edte, \u017ee neum\u00edte malovat, o to toti\u017e v\u016fbec nejde. S Romanem Kostkou, kter\u00fd semin\u00e1\u0159 vede, budete pronikat pomoc\u00ed barev ke sv\u00e9mu nitru. Dovol\u00edte si hr\u00e1t.<\/div>\n<div>Po semin\u00e1\u0159i budete p\u0159\u00edjemn\u011b unaven\u00ed, pln\u00ed nov\u00fdch pro\u017eitk\u016f a o n\u011bco moud\u0159ej\u0161\u00ed :-). A nadto si sv\u00e9 \u00fa\u017easn\u00e9 v\u00fdtvory odnesete do sv\u00fdch \u017eivot\u016f, kter\u00e9 po semin\u00e1\u0159i budou barevn\u011bj\u0161\u00ed minim\u00e1ln\u011b o va\u0161e obrazy, ale pravd\u011bpodobn\u011b budou u\u017e nav\u017edy o n\u011bco barevn\u011bj\u0161\u00ed, ne\u017e p\u0159ed semin\u00e1\u0159em.<\/div>\n","protected":false},"excerpt":{"rendered":"<p>O v\u00edkendu jsem se z\u00fa\u010dastnila semin\u00e1\u0159e s n\u00e1zvem &#8222;Malba srdcem&#8220;. Byl to pro mne \u00fa\u017easn\u00fd z\u00e1\u017eitek. Poprv\u00e9 jsem malovala na pl\u00e1tno, hr\u00e1la si s barvami, p\u0159ekonala ostych ze \u0161t\u011btce a barev. Sv\u011bt, ve kter\u00e9m \u017eijeme je m\u00e1lo barevn\u00fd. Snad se barev boj\u00edme? Boj\u00edme se reakc\u00ed? Nev\u00edm, ale v\u0161imla jsem si, jak blahod\u00e1rn\u011b p\u016fsob\u00ed barvy na [&hellip;]<\/p>\n","protected":false},"author":1,"featured_media":0,"comment_status":"open","ping_status":"open","sticky":false,"template":"","format":"standard","meta":{"footnotes":""},"categories":[6],"tags":[],"class_list":["post-54","post","type-post","status-publish","format-standard","hentry","category-kam-za-zazitky"],"_links":{"self":[{"href":"https:\/\/www.agite.cz\/index.php?rest_route=\/wp\/v2\/posts\/54","targetHints":{"allow":["GET"]}}],"collection":[{"href":"https:\/\/www.agite.cz\/index.php?rest_route=\/wp\/v2\/posts"}],"about":[{"href":"https:\/\/www.agite.cz\/index.php?rest_route=\/wp\/v2\/types\/post"}],"author":[{"embeddable":true,"href":"https:\/\/www.agite.cz\/index.php?rest_route=\/wp\/v2\/users\/1"}],"replies":[{"embeddable":true,"href":"https:\/\/www.agite.cz\/index.php?rest_route=%2Fwp%2Fv2%2Fcomments&post=54"}],"version-history":[{"count":2,"href":"https:\/\/www.agite.cz\/index.php?rest_route=\/wp\/v2\/posts\/54\/revisions"}],"predecessor-version":[{"id":56,"href":"https:\/\/www.agite.cz\/index.php?rest_route=\/wp\/v2\/posts\/54\/revisions\/56"}],"wp:attachment":[{"href":"https:\/\/www.agite.cz\/index.php?rest_route=%2Fwp%2Fv2%2Fmedia&parent=54"}],"wp:term":[{"taxonomy":"category","embeddable":true,"href":"https:\/\/www.agite.cz\/index.php?rest_route=%2Fwp%2Fv2%2Fcategories&post=54"},{"taxonomy":"post_tag","embeddable":true,"href":"https:\/\/www.agite.cz\/index.php?rest_route=%2Fwp%2Fv2%2Ftags&post=54"}],"curies":[{"name":"wp","href":"https:\/\/api.w.org\/{rel}","templated":true}]}}