{"id":60,"date":"2015-05-18T10:10:09","date_gmt":"2015-05-18T08:10:09","guid":{"rendered":"http:\/\/www.agite.cz\/?p=60"},"modified":"2015-12-29T21:12:25","modified_gmt":"2015-12-29T20:12:25","slug":"lapidarium-v-arealu-prazskeho-vystaviste","status":"publish","type":"post","link":"https:\/\/www.agite.cz\/?p=60","title":{"rendered":"Lapid\u00e1rium (v are\u00e1lu pra\u017esk\u00e9ho V\u00fdstavi\u0161t\u011b)"},"content":{"rendered":"<p><img loading=\"lazy\" decoding=\"async\" class=\"alignnone size-full wp-image-61\" src=\"http:\/\/www.agite.cz\/wp-content\/uploads\/2015\/12\/Lapidarium.jpg\" alt=\"Lapidarium\" width=\"240\" height=\"160\" \/><\/p>\n<h4>Historie<\/h4>\n<div>N\u00e1zev &#8222;lapid\u00e1rium&#8220;, odvozen\u00fd od latinsk\u00e9ho pojmenov\u00e1n\u00ed kamene (&#8222;lapis&#8220;, 2. p\u00e1d &#8222;lapidis&#8220;), se v\u017eil v nov\u011bj\u0161\u00ed dob\u011b jako ozna\u010deni pro sb\u00edrky kamenn\u00fdch soch a architektonick\u00fdch fragment\u016f st\u0159edov\u011bk\u00e9ho i novov\u011bk\u00e9ho p\u016fvodu. Nejb\u011b\u017en\u011bj\u0161\u00edm d\u016fvodem pro vznik lapid\u00e1ri\u00ed byly rekonstrukce gotick\u00fdch katedr\u00e1l, prob\u00edhaj\u00edc\u00ed v mnoha p\u0159\u00edpadech od 19. stolet\u00ed. Po\u0161kozen\u00e9 origin\u00e1ln\u00ed architektonick\u00e9 \u010dl\u00e1nky a skulptury, vym\u011b\u0148ovan\u00e9 p\u0159i t\u011bchto oprav\u00e1ch, esteticky a historicky i p\u0159es sv\u00e9 po\u0161kozen\u00ed st\u00e1le cenn\u00e9, byly \u010dasto ukl\u00e1d\u00e1ny do interi\u00e9r\u016f, aby byly chr\u00e1n\u011bny p\u0159ed dal\u0161\u00ed zk\u00e1zou.<\/div>\n<div>&nbsp;<\/div>\n<div><strong>Lapid\u00e1rium N\u00e1rodn\u00edho muzea<\/strong><\/div>\n<div>&nbsp;<\/div>\n<div>v Praze m\u00e1 sice tak\u00e9 fragmenty z pra\u017esk\u00e9 katedr\u00e1ly, ale to je jen mal\u00e1 \u010d\u00e1st jeho sb\u00edrek, jejich\u017e skladba je mnohem bohat\u0161\u00ed. V dne\u0161n\u00ed podob\u011b sest\u00e1v\u00e1 kolekce Lapid\u00e1ria N\u00e1rodn\u00edho muzea asi ze dvou tis\u00edc sb\u00edrkov\u00fdch p\u0159edm\u011bt\u016f, z nich\u017e p\u0159es \u010dty\u0159i sta nejlep\u0161\u00edch kus\u016f je vystaveno, zat\u00edmco ostatn\u00ed jsou udr\u017eeny v depozit\u00e1\u0159\u00edch. Obecn\u011b lze \u0159\u00edci, \u017ee jde o doklady kamenick\u00e9ho \u0159emesla a socha\u0159sk\u00fdch prac\u00ed v kameni z \u010desk\u00fdch zem\u00ed, zejm\u00e9na v\u0161ak z Prahy, v \u010dasov\u00e9m rozsahu 11. a\u017e 19. stolet\u00ed, v\u00fdjime\u010dn\u011b i z po\u010d\u00e1tku 20, stolet\u00ed.<\/div>\n<div>Dopl\u0148kem sb\u00edrky Lapid\u00e1ria jsou i t\u0159i bronzov\u00e9 plastiky Franti\u0161ka l., mar\u0161\u00e1la Radeck\u00e9ho a Franti\u0161ka Josefa I. Ve dvou nejv\u011bt\u0161\u00edch s\u00e1lech dokresluji atmosf\u00e9ru historick\u00fdch sbirek tak\u00e9 gotick\u00e9, renesan\u010dn\u00ed a barokn\u00ed tr\u00e1mov\u00e9 stropy poch\u00e1zej\u00edc\u00ed ze zbo\u0159en\u00fdch pra\u017esk\u00fdch budov.<\/div>\n<div>&nbsp;<\/div>\n<div>P\u0159evzato ze zdroje: http:\/\/www.nm.cz\/Hlavni-strana\/Navstivte-nas\/Lapidarium-v-arealu-prazskeho-Vystaviste.html<\/div>\n<div><\/div>\n<div>\u0160la jsem kolem t\u00e9to budovy mnohokr\u00e1t, nikdy v\u0161ak nebyly jej\u00ed dve\u0159e otev\u0159en\u00e9. Tentokr\u00e1t otev\u0159en\u00e9 byly. Prohl\u00eddka st\u00e1la za pozornost.<\/div>\n<div>Doporu\u010duji ka\u017ed\u00e9mu, koho alespo\u0148 trochu zaj\u00edm\u00e1 historie, r\u00e1d si prohl\u00ed\u017e\u00ed sochy nebo oce\u0148uje architekturu, jeliko\u017e samotn\u00e1 budova lapid\u00e1ria je okouzluj\u00edc\u00ed.<\/div>\n","protected":false},"excerpt":{"rendered":"<p>Historie N\u00e1zev &#8222;lapid\u00e1rium&#8220;, odvozen\u00fd od latinsk\u00e9ho pojmenov\u00e1n\u00ed kamene (&#8222;lapis&#8220;, 2. p\u00e1d &#8222;lapidis&#8220;), se v\u017eil v nov\u011bj\u0161\u00ed dob\u011b jako ozna\u010deni pro sb\u00edrky kamenn\u00fdch soch a architektonick\u00fdch fragment\u016f st\u0159edov\u011bk\u00e9ho i novov\u011bk\u00e9ho p\u016fvodu. Nejb\u011b\u017en\u011bj\u0161\u00edm d\u016fvodem pro vznik lapid\u00e1ri\u00ed byly rekonstrukce gotick\u00fdch katedr\u00e1l, prob\u00edhaj\u00edc\u00ed v mnoha p\u0159\u00edpadech od 19. stolet\u00ed. Po\u0161kozen\u00e9 origin\u00e1ln\u00ed architektonick\u00e9 \u010dl\u00e1nky a skulptury, vym\u011b\u0148ovan\u00e9 p\u0159i t\u011bchto [&hellip;]<\/p>\n","protected":false},"author":1,"featured_media":0,"comment_status":"open","ping_status":"open","sticky":false,"template":"","format":"standard","meta":{"footnotes":""},"categories":[6],"tags":[],"class_list":["post-60","post","type-post","status-publish","format-standard","hentry","category-kam-za-zazitky"],"_links":{"self":[{"href":"https:\/\/www.agite.cz\/index.php?rest_route=\/wp\/v2\/posts\/60","targetHints":{"allow":["GET"]}}],"collection":[{"href":"https:\/\/www.agite.cz\/index.php?rest_route=\/wp\/v2\/posts"}],"about":[{"href":"https:\/\/www.agite.cz\/index.php?rest_route=\/wp\/v2\/types\/post"}],"author":[{"embeddable":true,"href":"https:\/\/www.agite.cz\/index.php?rest_route=\/wp\/v2\/users\/1"}],"replies":[{"embeddable":true,"href":"https:\/\/www.agite.cz\/index.php?rest_route=%2Fwp%2Fv2%2Fcomments&post=60"}],"version-history":[{"count":3,"href":"https:\/\/www.agite.cz\/index.php?rest_route=\/wp\/v2\/posts\/60\/revisions"}],"predecessor-version":[{"id":63,"href":"https:\/\/www.agite.cz\/index.php?rest_route=\/wp\/v2\/posts\/60\/revisions\/63"}],"wp:attachment":[{"href":"https:\/\/www.agite.cz\/index.php?rest_route=%2Fwp%2Fv2%2Fmedia&parent=60"}],"wp:term":[{"taxonomy":"category","embeddable":true,"href":"https:\/\/www.agite.cz\/index.php?rest_route=%2Fwp%2Fv2%2Fcategories&post=60"},{"taxonomy":"post_tag","embeddable":true,"href":"https:\/\/www.agite.cz\/index.php?rest_route=%2Fwp%2Fv2%2Ftags&post=60"}],"curies":[{"name":"wp","href":"https:\/\/api.w.org\/{rel}","templated":true}]}}