{"id":89,"date":"2015-04-08T12:48:57","date_gmt":"2015-04-08T10:48:57","guid":{"rendered":"http:\/\/www.agite.cz\/?p=89"},"modified":"2015-12-29T21:32:29","modified_gmt":"2015-12-29T20:32:29","slug":"vzpurny-zak","status":"publish","type":"post","link":"https:\/\/www.agite.cz\/?p=89","title":{"rendered":"Vzpurn\u00fd \u017e\u00e1k"},"content":{"rendered":"<div>V\u010dera byl pom\u011brn\u011b hezk\u00fd, dubnov\u00fd den. Sv\u00edtilo slun\u00ed\u010dko a pokud nefoukal v\u00edtr, p\u0159\u00edjemn\u011b h\u0159\u00e1lo.<\/div>\n<div>Prima den, dokud mne jeden mlad\u00fd mu\u017e, kter\u00e9ho u\u010d\u00edm n\u011bm\u010dinu, nedonutil zamyslet se nad m\u00fdmi kvalitami. Ot\u00e1zku, do jak\u00e9 m\u00edry ovliv\u0148uje kvalitu vzd\u011bl\u00e1n\u00ed kvalita jednotliv\u00fdch u\u010ditel\u016f, \u0159e\u0161\u00edm pom\u011brn\u011b \u010dasto, jeliko\u017e se mne t\u00fdk\u00e1 a p\u0159ipad\u00e1 mi nejen d\u016fle\u017eit\u00e1, ale i zaj\u00edmav\u00e1.<\/div>\n<div>Sama jsem kdysi velmi kriticky vn\u00edmala v\u00fdkony sv\u00fdch u\u010ditel\u016f. Ti, kte\u0159\u00ed neprok\u00e1zali dostate\u010dnou fundovanost a empatii nem\u011bli ve t\u0159\u00edd\u011b velkou \u0161anci na z\u00edsk\u00e1n\u00ed respektu, kter\u00fd ke vzd\u011bl\u00e1v\u00e1n\u00ed neodlu\u010diteln\u011b pat\u0159\u00ed.<\/div>\n<div>Lid\u00e9 se v\u017edy u\u010dili od vzor\u016f.<\/div>\n<div>Za\u010d\u00edn\u00e1 to ji\u017e v kol\u00e9bce, kdy se p\u0159irozen\u00fdm vzorem stane osoba skl\u00e1n\u011bj\u00edc\u00ed se nad nemluvn\u011b. Pokra\u010duje p\u0159es p\u00edskovi\u0161t\u011b, kde po\u0161ilh\u00e1v\u00e1me po technik\u00e1ch, kter\u00e9 pou\u017e\u00edvaj\u00ed tv\u016frci nejhez\u010d\u00edch b\u00e1bovi\u010dek a\u017e po v\u011bdeck\u00e9 pracovi\u0161t\u011b, kde nejznalej\u0161\u00ed kolega vede mlad\u00e9, nad\u011bjn\u00e9 mozky.<\/div>\n<div>A pro\u010d je k tomu v\u0161emu d\u016fle\u017eit\u00e1 autorita? Tou\u017e\u00edme po vzoru, kter\u00fd n\u00e1m m\u016f\u017ee prokazateln\u011b p\u0159edat dobr\u00e9 znalosti a dovednosti. Mus\u00ed tedy nejprve dok\u00e1zat, \u017ee v\u011bci rozum\u00ed.<\/div>\n<div>&nbsp;<\/div>\n<div>Ji\u017e zm\u00edn\u011bn\u00fd mlad\u00fd mu\u017e je nadpr\u016fm\u011brn\u011b inteligentn\u00ed, v\u0161estrann\u011b nadan\u00fd a jeliko\u017e si toto jeho rodi\u010de uv\u011bdomuj\u00ed, sna\u017e\u00ed se mu mimo \u0161koln\u00ed v\u00fduky poskytnout co nej\u0161ir\u0161\u00ed \u0161k\u00e1lu vzd\u011bl\u00e1n\u00ed. Hraje na kytaru a na klav\u00edr, chod\u00ed do r\u016fzn\u00fdch krou\u017ek\u016f a dost\u00e1v\u00e1 soukrom\u00e9 lekce jazyk\u016f.<\/div>\n<div>A tak se stalo, \u017ee se vzep\u0159el. Nem\u011bl u\u017e chu\u0165 pracovat. Bylo p\u011bt hodin odpoledne a on se za cel\u00fd den je\u0161t\u011b nezastavil. Nebyl s klukama u rybn\u00edku, nest\u0159\u00edlel prakem, nezahr\u00e1l si na po\u010d\u00edta\u010di. Nem\u011bl b\u011bhem cel\u00e9ho dne ani chvilku, kterou by mohl pro\u017e\u00edt podle sebe.<\/div>\n<div>Nepomohlo domlouv\u00e1n\u00ed, p\u0159esv\u011bd\u010dov\u00e1n\u00ed ani s\u00edla roz\u010d\u00edlen\u00e9 maminky.<\/div>\n<div>Odch\u00e1zela jsem s pocitem pora\u017een\u00e9ho. Prohra na pln\u00e9 \u010d\u00e1\u0159e. Ale kdy\u017e jsem p\u0159em\u00fd\u0161lela d\u00e1l a v\u017eila se do role toho chlapce, uv\u011bdomila jsem si, \u017ee to se mnou a s mou v\u00fdukou nemuselo m\u00edt v\u016fbec nic spole\u010dn\u00e9ho. V\u017edy\u0165 j\u00e1 na jeho m\u00edst\u011b bych se chovala stejn\u011b, pokud bych u\u017e byla unaven\u00e1.<\/div>\n<div>A prohra? Asi ano, ale ne moje. N\u011bkdo prohr\u00e1v\u00e1 souboj s \u010dasem. Ka\u017ed\u00fdm dnem ztr\u00e1c\u00ed sv\u00e9 d\u011btstv\u00ed, kter\u00e9 se u\u017e nikdy nevr\u00e1t\u00ed a kter\u00e9 se v tomto p\u0159\u00edpad\u011b v ni\u010dem neli\u0161\u00ed od \u017eivota dosp\u011bl\u00e9ho, kter\u00fd tak\u00e9 v\u011bt\u0161inu sv\u00e9ho \u010dasu v\u011bnuje povinnostem, aby ve\u010der padnul znaven\u00fd do postele a druh\u00fd den znovu a takto st\u00e1le d\u00e1l a d\u00e1l, a\u017e&#8230;<\/div>\n<div>Mo\u017en\u00e1 si pr\u00e1v\u011b toto m\u016fj student uv\u011bdomil a vzep\u0159el se.<\/div>\n<div>Mo\u017en\u00e1, mo\u017en\u00e1 ne.<\/div>\n","protected":false},"excerpt":{"rendered":"<p>V\u010dera byl pom\u011brn\u011b hezk\u00fd, dubnov\u00fd den. Sv\u00edtilo slun\u00ed\u010dko a pokud nefoukal v\u00edtr, p\u0159\u00edjemn\u011b h\u0159\u00e1lo. Prima den, dokud mne jeden mlad\u00fd mu\u017e, kter\u00e9ho u\u010d\u00edm n\u011bm\u010dinu, nedonutil zamyslet se nad m\u00fdmi kvalitami. Ot\u00e1zku, do jak\u00e9 m\u00edry ovliv\u0148uje kvalitu vzd\u011bl\u00e1n\u00ed kvalita jednotliv\u00fdch u\u010ditel\u016f, \u0159e\u0161\u00edm pom\u011brn\u011b \u010dasto, jeliko\u017e se mne t\u00fdk\u00e1 a p\u0159ipad\u00e1 mi nejen d\u016fle\u017eit\u00e1, ale i zaj\u00edmav\u00e1. [&hellip;]<\/p>\n","protected":false},"author":1,"featured_media":0,"comment_status":"open","ping_status":"open","sticky":false,"template":"","format":"standard","meta":{"footnotes":""},"categories":[5],"tags":[],"class_list":["post-89","post","type-post","status-publish","format-standard","hentry","category-uvahy-a-komentare"],"_links":{"self":[{"href":"https:\/\/www.agite.cz\/index.php?rest_route=\/wp\/v2\/posts\/89","targetHints":{"allow":["GET"]}}],"collection":[{"href":"https:\/\/www.agite.cz\/index.php?rest_route=\/wp\/v2\/posts"}],"about":[{"href":"https:\/\/www.agite.cz\/index.php?rest_route=\/wp\/v2\/types\/post"}],"author":[{"embeddable":true,"href":"https:\/\/www.agite.cz\/index.php?rest_route=\/wp\/v2\/users\/1"}],"replies":[{"embeddable":true,"href":"https:\/\/www.agite.cz\/index.php?rest_route=%2Fwp%2Fv2%2Fcomments&post=89"}],"version-history":[{"count":1,"href":"https:\/\/www.agite.cz\/index.php?rest_route=\/wp\/v2\/posts\/89\/revisions"}],"predecessor-version":[{"id":90,"href":"https:\/\/www.agite.cz\/index.php?rest_route=\/wp\/v2\/posts\/89\/revisions\/90"}],"wp:attachment":[{"href":"https:\/\/www.agite.cz\/index.php?rest_route=%2Fwp%2Fv2%2Fmedia&parent=89"}],"wp:term":[{"taxonomy":"category","embeddable":true,"href":"https:\/\/www.agite.cz\/index.php?rest_route=%2Fwp%2Fv2%2Fcategories&post=89"},{"taxonomy":"post_tag","embeddable":true,"href":"https:\/\/www.agite.cz\/index.php?rest_route=%2Fwp%2Fv2%2Ftags&post=89"}],"curies":[{"name":"wp","href":"https:\/\/api.w.org\/{rel}","templated":true}]}}