{"id":91,"date":"2015-04-10T10:46:32","date_gmt":"2015-04-10T08:46:32","guid":{"rendered":"http:\/\/www.agite.cz\/?p=91"},"modified":"2015-12-29T21:33:46","modified_gmt":"2015-12-29T20:33:46","slug":"vzhled","status":"publish","type":"post","link":"https:\/\/www.agite.cz\/?p=91","title":{"rendered":"Vzhled"},"content":{"rendered":"<div>Pochop\u00edm, pro\u010d na\u0161i p\u0159edkov\u00e9, v dob\u00e1ch, kdy rychl\u00fd \u00fasudek rozhodoval o p\u0159e\u017eit\u00ed, d\u00e1vali na prvn\u00ed dojem. Druh\u00e9ho by se nemuseli do\u017e\u00edt. Ale tyto \u010dasy jsou minulost\u00ed, pokud mluv\u00edme o civilizovan\u00fdch \u010d\u00e1stech na\u0161\u00ed zem\u011b a p\u0159idr\u017e\u00edme se b\u011b\u017en\u00fdch mezilidsk\u00fdch kontakt\u016f.<\/div>\n<div>P\u0159esto st\u00e1le prvn\u00ed dojem funguje a ovliv\u0148uje na\u0161e vztahy, n\u00e1\u0161 \u00fasp\u011bch a pota\u017emo na\u0161i spokojenost.<\/div>\n<div>P\u0159itom prvn\u00ed dojem je p\u00e1r vte\u0159in, p\u0159i kter\u00fdch pou\u017e\u00edv\u00e1me p\u0159edev\u0161\u00edm zrak a sluch. V hlav\u011b si utvo\u0159\u00edme obr\u00e1zek, kter\u00fd se jen obt\u00ed\u017en\u011b opravuje. V\u0161e, co v t\u011bchto prvn\u00edch chv\u00edl\u00edch posuzujeme, je vzhled a \u0159e\u010d. Barva hlasu, vyjad\u0159ovac\u00ed schopnosti&#8230;<\/div>\n<div>&nbsp;<\/div>\n<div>O\u010d by bylo lep\u0161\u00ed, kdybychom vynechali jedno p\u00edsmenko a m\u00edsto vzhledu pou\u017eili vhled. Vhled do osobnosti, jej\u00edho charakteru. Tyto veli\u010diny ov\u0161em m\u00e1me mo\u017enost poznat pouze tak, \u017ee s n\u011bk\u00fdm pro\u017eijeme kus \u017eivota. Staneme sou\u010d\u00e1st\u00ed toho jeho a d\u00edky tomu pozn\u00e1v\u00e1me, jak\u00fd ten druh\u00fd je. Vzhled ztr\u00e1c\u00ed na v\u00fdznamu. \u010c\u00edm d\u00e9le n\u011bkoho zn\u00e1me, t\u00edm m\u00e9n\u011b je pro n\u00e1s jeho vzhled d\u016fle\u017eit\u00fd. Vytv\u00e1\u0159\u00edme si obraz jeho du\u0161e a vn\u00edm\u00e1me ho prost\u0159ednictv\u00edm tohoto obrazu. Vn\u00edm\u00e1me jeho postoje, rozhodnut\u00ed a \u010diny.<\/div>\n<div>&nbsp;<\/div>\n<div>Pkud by mi n\u011bkdo \u0159ekl, \u017ee mne \u010dek\u00e1 te\u017ek\u00e1 cesta p\u0159es mo\u0159e, ke kter\u00e9 budu m\u00edt k dispozici chatrnou b\u00e1rku a jednoho \u010dlov\u011bka, kter\u00e9ho si sama vyberu, nebudu vyb\u00edrat podle vzhledu. Mnohem d\u016fle\u017eit\u011bj\u0161\u00ed bude, zda doty\u010dn\u00fd m\u00e1 p\u0159edpoklad k tomu, aby byl dobr\u00fdm par\u0165\u00e1kem do p\u0159\u00edpadn\u00e9 nepohody. Zda v\u011b\u0159\u00edm, \u017ee mi pom\u016f\u017ee, budu-li to pot\u0159ebovat.<\/div>\n<div>&nbsp;<\/div>\n<div>\u017divot vlastn\u011b nen\u00ed nic jin\u00e9ho, ne\u017e mo\u0159eplavba. Mo\u0159e m\u016f\u017ee z\u016fstat po celou dobu klidn\u00e9 a z mo\u0159eplavby se tak stane n\u00e1dhern\u00fd, pohodov\u00fd z\u00e1\u017eitek. Ale tak\u00e9 se m\u016f\u017ee rozbou\u0159it.<\/div>\n<div>&nbsp;<\/div>\n<div>A z\u00e1v\u011br? Vzhled je sice to prvn\u00ed, co vn\u00edm\u00e1me, ale bez toho, ani\u017e bychom p\u0159idali vhled, bychom nem\u011bli d\u011blat \u017e\u00e1dn\u00e9 z\u00e1v\u011bry.<\/div>\n","protected":false},"excerpt":{"rendered":"<p>Pochop\u00edm, pro\u010d na\u0161i p\u0159edkov\u00e9, v dob\u00e1ch, kdy rychl\u00fd \u00fasudek rozhodoval o p\u0159e\u017eit\u00ed, d\u00e1vali na prvn\u00ed dojem. Druh\u00e9ho by se nemuseli do\u017e\u00edt. Ale tyto \u010dasy jsou minulost\u00ed, pokud mluv\u00edme o civilizovan\u00fdch \u010d\u00e1stech na\u0161\u00ed zem\u011b a p\u0159idr\u017e\u00edme se b\u011b\u017en\u00fdch mezilidsk\u00fdch kontakt\u016f. P\u0159esto st\u00e1le prvn\u00ed dojem funguje a ovliv\u0148uje na\u0161e vztahy, n\u00e1\u0161 \u00fasp\u011bch a pota\u017emo na\u0161i spokojenost. P\u0159itom [&hellip;]<\/p>\n","protected":false},"author":1,"featured_media":0,"comment_status":"open","ping_status":"open","sticky":false,"template":"","format":"standard","meta":{"footnotes":""},"categories":[5],"tags":[],"class_list":["post-91","post","type-post","status-publish","format-standard","hentry","category-uvahy-a-komentare"],"_links":{"self":[{"href":"https:\/\/www.agite.cz\/index.php?rest_route=\/wp\/v2\/posts\/91","targetHints":{"allow":["GET"]}}],"collection":[{"href":"https:\/\/www.agite.cz\/index.php?rest_route=\/wp\/v2\/posts"}],"about":[{"href":"https:\/\/www.agite.cz\/index.php?rest_route=\/wp\/v2\/types\/post"}],"author":[{"embeddable":true,"href":"https:\/\/www.agite.cz\/index.php?rest_route=\/wp\/v2\/users\/1"}],"replies":[{"embeddable":true,"href":"https:\/\/www.agite.cz\/index.php?rest_route=%2Fwp%2Fv2%2Fcomments&post=91"}],"version-history":[{"count":1,"href":"https:\/\/www.agite.cz\/index.php?rest_route=\/wp\/v2\/posts\/91\/revisions"}],"predecessor-version":[{"id":92,"href":"https:\/\/www.agite.cz\/index.php?rest_route=\/wp\/v2\/posts\/91\/revisions\/92"}],"wp:attachment":[{"href":"https:\/\/www.agite.cz\/index.php?rest_route=%2Fwp%2Fv2%2Fmedia&parent=91"}],"wp:term":[{"taxonomy":"category","embeddable":true,"href":"https:\/\/www.agite.cz\/index.php?rest_route=%2Fwp%2Fv2%2Fcategories&post=91"},{"taxonomy":"post_tag","embeddable":true,"href":"https:\/\/www.agite.cz\/index.php?rest_route=%2Fwp%2Fv2%2Ftags&post=91"}],"curies":[{"name":"wp","href":"https:\/\/api.w.org\/{rel}","templated":true}]}}