{"id":93,"date":"2015-04-10T12:06:58","date_gmt":"2015-04-10T10:06:58","guid":{"rendered":"http:\/\/www.agite.cz\/?p=93"},"modified":"2015-12-29T21:36:38","modified_gmt":"2015-12-29T20:36:38","slug":"josef-capek","status":"publish","type":"post","link":"https:\/\/www.agite.cz\/?p=93","title":{"rendered":"Josef \u010capek"},"content":{"rendered":"<h4>Josef \u010capek,<\/h4>\n<p><center><\/p>\n<div>&nbsp;<\/div>\n<div><em>autor slova &#8222;robot&#8220;, kter\u00e9 jeho bratr, Karel \u010capek, pou\u017eil ve sv\u00e9m d\u00edle R.U.R. a t\u00edm toto slovo celosv\u011btov\u011b proslavil.<\/em><\/div>\n<div>&nbsp;<\/div>\n<div>&nbsp;<\/div>\n<div>&#8222;<strong>\u00dacta k \u010dlov\u011bku, l\u00e1ska k bli\u017en\u00edmu m\u00e1 b\u00fdt konstruktivn\u00ed silou, a nikoli filantropickou slabost\u00ed<\/strong>.&#8220;<\/div>\n<div><strong>&#8222;M\u00edr mezi n\u00e1rody je z\u00e1visl\u00fd na m\u00edru v lidech sam\u00fdch<\/strong>.&#8220;<\/div>\n<p><\/center><\/p>\n<div>&nbsp;<\/div>\n<div>&nbsp;<\/div>\n<div>Z t\u011bchto cit\u00e1t\u016f je patrn\u00e9, \u017ee n\u011bkter\u00e9 v\u011bci se nem\u011bn\u00ed. Vz\u00e1jemn\u00e1 \u00facta se ani dnes moc nenos\u00ed. A l\u00e1ska k bli\u017en\u00edmu sv\u00e9mu? To evokuje babi\u010dku v \u0161\u00e1tku, kter\u00e1 pr\u00e1v\u011b vych\u00e1z\u00ed z kostela. Star\u00e1, nemodern\u00ed, bohabojn\u00e1 a pro dne\u0161n\u00ed sv\u011bt nehod\u00edc\u00ed se.<\/div>\n<div>&nbsp;<\/div>\n<div>Stoj\u00ed to ale za zkou\u0161ku.<\/div>\n<div>&nbsp;<\/div>\n<div>Kdy\u017e V\u00e1m n\u011bkdo ubl\u00ed\u017e\u00ed, p\u0159irozen\u011b se na n\u011bj na\u0161tvete.<\/div>\n<div>Ale jak je to d\u00e1l?<\/div>\n<div>P\u0159em\u00fd\u0161l\u00edte, jak mu to oplatit? P\u0159estanete se s n\u00edm bavit?<\/div>\n<div>Jste plni smutku a vzteku. C\u00edt\u00edte se \u0161patn\u011b. Ale m\u00e1te ve sv\u00fdch rukou, jak to bude opravdu d\u00e1l a jak\u00fd pocit ve V\u00e1s z\u016fstane.<\/div>\n<div>&nbsp;<\/div>\n<div>Zkuste se po\u0159\u00e1dn\u011b zamyslet. T\u0159eba p\u0159ijdete na to, \u017ee se c\u00edt\u00edte ubl\u00ed\u017een\u011b, ale nikoli proto, co u\u010dinil druh\u00fd, ale proto, jak jste ho vn\u00edmali.<\/div>\n<div>&nbsp;<\/div>\n<div>Pravd\u011bpodobn\u011b V\u00e1m ubl\u00ed\u017eit necht\u011bl! Pokud je to tak, odpus\u0165te mu. V\u00e1m se ulev\u00ed a on jist\u011b ocen\u00ed Va\u0161\u00ed velkorysost.<\/div>\n<div>&nbsp;<\/div>\n<div>Mo\u017en\u00e1 V\u00e1m ubl\u00ed\u017eil z\u00e1m\u011brn\u011b. V\u00edte to jist\u011b? Ne? Tak si o tom zkuste promluvit. D\u00e1te tak druh\u00e9mu \u0161anci, aby pochopil, \u017ee V\u00e1m ubl\u00ed\u017eil a pokud necht\u011bl, omluv\u00ed se, bude ho to mrzet a p\u0159\u00ed\u0161t\u011b u\u017e bude v\u011bd\u011bt, \u017ee pokud V\u00e1m nechce ubl\u00ed\u017eit, mus\u00ed sv\u00e9 jedn\u00e1n\u00ed upravit.<\/div>\n<div>&nbsp;<\/div>\n<div>V\u00edte jist\u011b, \u017ee V\u00e1m cht\u011bl ubl\u00ed\u017eit? Ano? Odpus\u0165te mu. \u010clov\u011bk, kter\u00fd z\u00e1m\u011brn\u011b ubl\u00ed\u017e\u00ed druh\u00e9mu, mus\u00ed b\u00fdt moc ne\u0161\u0165astn\u00fd. M\u016f\u017eete se pokusit zjistit, pro\u010d V\u00e1m cht\u011bl ubl\u00ed\u017eit. M\u016f\u017eete se pokusit mu pomoci. Ale nemus\u00edte. Je mo\u017en\u00e9, \u017ee by to ani nebylo ve Va\u0161ich sil\u00e1ch. Co ale ve Va\u0161ich sil\u00e1ch je, je odpustit. Nenosit v sob\u011b d\u00e1l vztek a zklam\u00e1n\u00ed. Odpustit a j\u00edt d\u00e1l. P\u016fjde se V\u00e1m leh\u010deji a veseleji.<\/div>\n<div>&nbsp;<\/div>\n<div>&nbsp;<\/div>\n<div>A t\u00edm se dost\u00e1v\u00e1m ke druh\u00e9mu cit\u00e1tu Josefa \u010capka. M\u00edr mezi n\u00e1rody je opravdu z\u00e1visl\u00fd na m\u00edru v lidech sam\u00fdch. Kdyby toti\u017e lid\u00e9 v srdci nosili m\u00edr, byli napln\u011bni dobrem, \u0161t\u011bst\u00edm, nevzali by do ruky zbra\u0148, aby ji nam\u00ed\u0159ili proti jin\u00e9 lidsk\u00e9 bytosti.<\/div>\n<div>&nbsp;<\/div>\n<div>Neposlouchali by politiky, kte\u0159\u00ed jim obratn\u011b vysv\u011btluj\u00ed, pro\u010d je nutn\u00e9 j\u00edt a napadnout jin\u00fd n\u00e1rod.<\/div>\n<div>Neposlouchali by vojev\u016fdce.<\/div>\n<div>Nevstupovali by do arm\u00e1d.<\/div>\n<div>&nbsp;<\/div>\n<div>Jen\u017ee lid\u00e9 maj\u00ed srdce pln\u00e1 strachu, smutku, vzteku a bolestiv\u00fdch jizev. A to m\u00e1 k m\u00edru daleko. To m\u00e1 mnohem bl\u00ed\u017e k tomu, \u017ee popadneme samopal a sv\u016fj vztek si vybijeme na anonymn\u00edm nep\u0159\u00edteli, do kter\u00e9ho vypr\u00e1zdn\u00edme z\u00e1sobn\u00edk. Bohu\u017eel.<\/div>\n","protected":false},"excerpt":{"rendered":"<p>Josef \u010capek, &nbsp; autor slova &#8222;robot&#8220;, kter\u00e9 jeho bratr, Karel \u010capek, pou\u017eil ve sv\u00e9m d\u00edle R.U.R. a t\u00edm toto slovo celosv\u011btov\u011b proslavil. &nbsp; &nbsp; &#8222;\u00dacta k \u010dlov\u011bku, l\u00e1ska k bli\u017en\u00edmu m\u00e1 b\u00fdt konstruktivn\u00ed silou, a nikoli filantropickou slabost\u00ed.&#8220; &#8222;M\u00edr mezi n\u00e1rody je z\u00e1visl\u00fd na m\u00edru v lidech sam\u00fdch.&#8220; &nbsp; &nbsp; Z t\u011bchto cit\u00e1t\u016f je patrn\u00e9, [&hellip;]<\/p>\n","protected":false},"author":1,"featured_media":0,"comment_status":"open","ping_status":"open","sticky":false,"template":"","format":"standard","meta":{"footnotes":""},"categories":[5],"tags":[],"class_list":["post-93","post","type-post","status-publish","format-standard","hentry","category-uvahy-a-komentare"],"_links":{"self":[{"href":"https:\/\/www.agite.cz\/index.php?rest_route=\/wp\/v2\/posts\/93","targetHints":{"allow":["GET"]}}],"collection":[{"href":"https:\/\/www.agite.cz\/index.php?rest_route=\/wp\/v2\/posts"}],"about":[{"href":"https:\/\/www.agite.cz\/index.php?rest_route=\/wp\/v2\/types\/post"}],"author":[{"embeddable":true,"href":"https:\/\/www.agite.cz\/index.php?rest_route=\/wp\/v2\/users\/1"}],"replies":[{"embeddable":true,"href":"https:\/\/www.agite.cz\/index.php?rest_route=%2Fwp%2Fv2%2Fcomments&post=93"}],"version-history":[{"count":5,"href":"https:\/\/www.agite.cz\/index.php?rest_route=\/wp\/v2\/posts\/93\/revisions"}],"predecessor-version":[{"id":95,"href":"https:\/\/www.agite.cz\/index.php?rest_route=\/wp\/v2\/posts\/93\/revisions\/95"}],"wp:attachment":[{"href":"https:\/\/www.agite.cz\/index.php?rest_route=%2Fwp%2Fv2%2Fmedia&parent=93"}],"wp:term":[{"taxonomy":"category","embeddable":true,"href":"https:\/\/www.agite.cz\/index.php?rest_route=%2Fwp%2Fv2%2Fcategories&post=93"},{"taxonomy":"post_tag","embeddable":true,"href":"https:\/\/www.agite.cz\/index.php?rest_route=%2Fwp%2Fv2%2Ftags&post=93"}],"curies":[{"name":"wp","href":"https:\/\/api.w.org\/{rel}","templated":true}]}}