{"id":99,"date":"2015-04-13T10:28:03","date_gmt":"2015-04-13T08:28:03","guid":{"rendered":"http:\/\/www.agite.cz\/?p=99"},"modified":"2015-12-29T21:37:43","modified_gmt":"2015-12-29T20:37:43","slug":"socialni-site","status":"publish","type":"post","link":"https:\/\/www.agite.cz\/?p=99","title":{"rendered":"Soci\u00e1ln\u00ed s\u00edt\u011b"},"content":{"rendered":"<div>Proch\u00e1zela jsem s jedn\u00edm sv\u00fdm studentem maturitn\u00ed t\u00e9mata k AJ a jedn\u00edm z t\u00e9mat byly soci\u00e1ln\u00ed s\u00edt\u011b.<\/div>\n<div>Nebudu zde konkr\u00e9tn\u011b jmenovat, ale mysl\u00edm, \u017ee sta\u010d\u00ed, kdy\u017e nap\u00ed\u0161i, \u017ee jsme mluvili o t\u00e9 nejroz\u0161\u00ed\u0159en\u011bj\u0161\u00ed, kterou d\u011btem zakl\u00e1daj\u00ed n\u011bkte\u0159\u00ed rodi\u010de hned p\u0159i narozen\u00ed :-).<\/div>\n<div>&nbsp;<\/div>\n<div>Polo\u017eila jsem mu ot\u00e1zku, co si mysl\u00ed, \u017ee by se stalo, kdyby tato s\u00ed\u0165 p\u0159estala existovat.<\/div>\n<div>Odpov\u011b\u010f m\u011b \u0161okovala.<\/div>\n<div>Pr\u00fd by vypukla v\u00e1lka. &#8222;V\u0161ichni by cht\u011bli zp\u011bt sv\u00e9 profily, popadli by zbran\u011b a \u0161li po tom, kdo to zru\u0161il&#8220;.<\/div>\n<div>\u010cekala bych r\u016fzn\u00e9 odpov\u011bdi, ale v\u00e1lka?<\/div>\n<div>Je to t\u00edm, \u017ee doty\u010dn\u00fd dobu bez internetu a s t\u00edm souvisej\u00edc\u00edmi v\u011bcmi neza\u017eil?<\/div>\n<div>&nbsp;<\/div>\n<div>J\u00e1 osobn\u011b nejsem velk\u00fdm p\u0159\u00edznivcem sd\u00edlen\u00ed t\u00edmto zp\u016fsobem. Jsem p\u0159esv\u011bd\u010den\u00e1, \u017ee by osobn\u00edm kontakt\u016fm velmi prosp\u011blo, kdyby si lid\u00e9 svou pot\u0159ebu, b\u00fdt sou\u010d\u00e1st\u00ed, nemohli vyb\u00edt t\u00edm, \u017ee zm\u00e1\u010dknou tla\u010d\u00edtko, p\u0159\u00edpadn\u011b nap\u00ed\u0161\u00ed, \u017ee se c\u00edt\u00ed&#8230;\u0161\u0165astn\u011b, smutn\u011b&#8230;; \u017ee jsou v m\u00edst\u011b&#8230;;&#8230;\u017ee se jim l\u00edb\u00ed.<\/div>\n<div>Ob\u010das m\u00e1m dojem, \u017ee n\u011bkte\u0159\u00ed lid\u00e9 jdou do hospody jen proto, aby to mohli sd\u00edlet. T\u011bch, kte\u0159\u00ed se v restauraci bav\u00ed s t\u011bmi, se kter\u00fdmi p\u0159i\u0161li, ub\u00fdv\u00e1. V\u011bt\u0161ina si vysta\u010d\u00ed s mobilem. N\u011bkdy se bav\u00edm, kdy\u017e se rozhl\u00e9dnu po restauraci, kav\u00e1rn\u011b a vid\u00edm oz\u00e1\u0159en\u00e9 obli\u010deje displeji chytr\u00fdch mobil\u016f. Ale v\u011bt\u0161inou mi z toho je smutno.<\/div>\n<div>&nbsp;<\/div>\n<div>Opravdu by vypukla v\u00e1lka, kdyby tato n\u00e1hra\u017eka mezilidsk\u00fdch kontakt\u016f zmizela? Kdyby lid\u00e9 m\u00edsto stovek p\u0159\u00e1tel m\u011bli jen p\u00e1r t\u011bch, kte\u0159\u00ed si dok\u00e1\u017e\u00ed naj\u00edt \u010das na osobn\u00ed setk\u00e1n\u00ed?<\/div>\n<div>Kv\u016fli tomu ale nemus\u00ed p\u0159estat tato s\u00ed\u0165 existovat. Sta\u010d\u00ed j\u00ed um\u011bt pou\u017e\u00edvat. Je to \u00fa\u017easn\u00e1 v\u011bc, kter\u00e1 m\u016f\u017ee mezilidsk\u00e9 vztahy obohatit, ale nem\u011bla by z\u016fst\u00e1vat jedin\u00fdm kontaktem se sv\u011btem.<\/div>\n","protected":false},"excerpt":{"rendered":"<p>Proch\u00e1zela jsem s jedn\u00edm sv\u00fdm studentem maturitn\u00ed t\u00e9mata k AJ a jedn\u00edm z t\u00e9mat byly soci\u00e1ln\u00ed s\u00edt\u011b. Nebudu zde konkr\u00e9tn\u011b jmenovat, ale mysl\u00edm, \u017ee sta\u010d\u00ed, kdy\u017e nap\u00ed\u0161i, \u017ee jsme mluvili o t\u00e9 nejroz\u0161\u00ed\u0159en\u011bj\u0161\u00ed, kterou d\u011btem zakl\u00e1daj\u00ed n\u011bkte\u0159\u00ed rodi\u010de hned p\u0159i narozen\u00ed :-). &nbsp; Polo\u017eila jsem mu ot\u00e1zku, co si mysl\u00ed, \u017ee by se stalo, kdyby [&hellip;]<\/p>\n","protected":false},"author":1,"featured_media":0,"comment_status":"open","ping_status":"open","sticky":false,"template":"","format":"standard","meta":{"footnotes":""},"categories":[5],"tags":[],"class_list":["post-99","post","type-post","status-publish","format-standard","hentry","category-uvahy-a-komentare"],"_links":{"self":[{"href":"https:\/\/www.agite.cz\/index.php?rest_route=\/wp\/v2\/posts\/99","targetHints":{"allow":["GET"]}}],"collection":[{"href":"https:\/\/www.agite.cz\/index.php?rest_route=\/wp\/v2\/posts"}],"about":[{"href":"https:\/\/www.agite.cz\/index.php?rest_route=\/wp\/v2\/types\/post"}],"author":[{"embeddable":true,"href":"https:\/\/www.agite.cz\/index.php?rest_route=\/wp\/v2\/users\/1"}],"replies":[{"embeddable":true,"href":"https:\/\/www.agite.cz\/index.php?rest_route=%2Fwp%2Fv2%2Fcomments&post=99"}],"version-history":[{"count":2,"href":"https:\/\/www.agite.cz\/index.php?rest_route=\/wp\/v2\/posts\/99\/revisions"}],"predecessor-version":[{"id":101,"href":"https:\/\/www.agite.cz\/index.php?rest_route=\/wp\/v2\/posts\/99\/revisions\/101"}],"wp:attachment":[{"href":"https:\/\/www.agite.cz\/index.php?rest_route=%2Fwp%2Fv2%2Fmedia&parent=99"}],"wp:term":[{"taxonomy":"category","embeddable":true,"href":"https:\/\/www.agite.cz\/index.php?rest_route=%2Fwp%2Fv2%2Fcategories&post=99"},{"taxonomy":"post_tag","embeddable":true,"href":"https:\/\/www.agite.cz\/index.php?rest_route=%2Fwp%2Fv2%2Ftags&post=99"}],"curies":[{"name":"wp","href":"https:\/\/api.w.org\/{rel}","templated":true}]}}